{"id":830,"date":"2025-02-20T12:22:20","date_gmt":"2025-02-20T12:22:20","guid":{"rendered":"https:\/\/finlandsbloggen.se\/?p=830"},"modified":"2025-02-20T12:24:16","modified_gmt":"2025-02-20T12:24:16","slug":"far-och-flyg","status":"publish","type":"post","link":"https:\/\/finlandsbloggen.se\/?p=830","title":{"rendered":"Far och flyg!"},"content":{"rendered":"\n<figure class=\"is-layout-flex wp-block-gallery-1 wp-block-gallery has-nested-images columns-default is-cropped\">\n<figure class=\"wp-block-image size-large\"><a href=\"https:\/\/media.finlandsbloggen.se\/2025\/02\/Vastflyg-scaled.jpeg\"><img decoding=\"async\" data-id=\"838\"  src=\"https:\/\/media.finlandsbloggen.se\/2025\/02\/Vastflyg-1024x768.jpeg\" alt=\"\" class=\"wp-image-838\"\/><\/a><figcaption class=\"wp-element-caption\">Vinter, inte krig<\/figcaption><\/figure>\n\n\n\n<figure class=\"wp-block-image size-large\"><a href=\"https:\/\/media.finlandsbloggen.se\/2025\/02\/FLygplan-scaled.jpeg\"><img decoding=\"async\" data-id=\"831\"  src=\"https:\/\/media.finlandsbloggen.se\/2025\/02\/FLygplan-1024x768.jpeg\" alt=\"\" class=\"wp-image-831\"\/><\/a><figcaption class=\"wp-element-caption\">Vinterkrig<\/figcaption><\/figure>\n\n\n\n<figure class=\"wp-block-image size-large\"><a href=\"https:\/\/media.finlandsbloggen.se\/2025\/02\/Skylt-till-tavla-scaled.jpeg\"><img decoding=\"async\" data-id=\"834\"  src=\"https:\/\/media.finlandsbloggen.se\/2025\/02\/Skylt-till-tavla-1024x773.jpeg\" alt=\"\" class=\"wp-image-834\"\/><\/a><figcaption class=\"wp-element-caption\">Finska Krigsveteraners skylt<\/figcaption><\/figure>\n\n\n\n<figure class=\"wp-block-image size-large\"><a href=\"https:\/\/media.finlandsbloggen.se\/2025\/02\/Trollhattans-flygplats-scaled.jpeg\"><img decoding=\"async\" data-id=\"837\"  src=\"https:\/\/media.finlandsbloggen.se\/2025\/02\/Trollhattans-flygplats-1024x634.jpeg\" alt=\"\" class=\"wp-image-837\"\/><\/a><figcaption class=\"wp-element-caption\">Trollh\u00e4ttans flygplats, (numera G\u00f6teborg-Stallbacka)<\/figcaption><\/figure>\n\n\n\n<figure class=\"wp-block-image size-large\"><a href=\"https:\/\/media.finlandsbloggen.se\/2025\/02\/Tavla-i-Trollhattan-scaled.jpeg\"><img decoding=\"async\" data-id=\"836\"  src=\"https:\/\/media.finlandsbloggen.se\/2025\/02\/Tavla-i-Trollhattan-735x1024.jpeg\" alt=\"\" class=\"wp-image-836\"\/><\/a><figcaption class=\"wp-element-caption\">Minnestavla p\u00e5 flygplatsen<\/figcaption><\/figure>\n\n\n\n<figure class=\"wp-block-image size-large\"><a href=\"https:\/\/media.finlandsbloggen.se\/2025\/02\/Skylttexten-scaled.jpeg\"><img decoding=\"async\" data-id=\"835\"  src=\"https:\/\/media.finlandsbloggen.se\/2025\/02\/Skylttexten-1024x768.jpeg\" alt=\"\" class=\"wp-image-835\"\/><\/a><figcaption class=\"wp-element-caption\">Minnestavlans text<\/figcaption><\/figure>\n<\/figure>\n\n\n\n<p>Visste du att G\u00f6teborg har tv\u00e5 flygplatser, en i Landvetter och en i Trollh\u00e4ttan? P\u00e5 den senare h\u00e4nger ett inramat minnesm\u00e4rke, med anledning av att flygplan tillverkades p\u00e5 orten. Finska Krigsveteraners f\u00f6rening satte upp tavlan \u00e5r 2000, notera nedskjutet sovjetiskt flygplan i sn\u00f6n. Klicka p\u00e5 bilderna f\u00f6r att l\u00e4sa texten!<\/p>\n\n\n\n<p>\u00d6verraskande att hitta detta minne p\u00e5 en, f\u00f6r de flesta, ok\u00e4nd flygplats. \u00c4nnu mer \u00f6verraskande: gratis parkering p\u00e5 flygplatsen &#8211; aldrig sett!<\/p>\n","protected":false},"excerpt":{"rendered":"<p>Visste du att G\u00f6teborg har tv\u00e5 flygplatser, en i Landvetter och en i Trollh\u00e4ttan? P\u00e5 den senare h\u00e4nger ett inramat minnesm\u00e4rke, med anledning av att flygplan tillverkades p\u00e5 orten. Finska Krigsveteraners f\u00f6rening satte upp tavlan \u00e5r 2000, notera nedskjutet sovjetiskt &hellip; <a href=\"https:\/\/finlandsbloggen.se\/?p=830\">L\u00e4s mer <span class=\"meta-nav\">&rarr;<\/span><\/a><\/p>\n","protected":false},"author":1,"featured_media":0,"comment_status":"closed","ping_status":"open","sticky":false,"template":"","format":"standard","meta":[],"categories":[1],"tags":[],"_links":{"self":[{"href":"https:\/\/finlandsbloggen.se\/index.php?rest_route=\/wp\/v2\/posts\/830"}],"collection":[{"href":"https:\/\/finlandsbloggen.se\/index.php?rest_route=\/wp\/v2\/posts"}],"about":[{"href":"https:\/\/finlandsbloggen.se\/index.php?rest_route=\/wp\/v2\/types\/post"}],"author":[{"embeddable":true,"href":"https:\/\/finlandsbloggen.se\/index.php?rest_route=\/wp\/v2\/users\/1"}],"replies":[{"embeddable":true,"href":"https:\/\/finlandsbloggen.se\/index.php?rest_route=%2Fwp%2Fv2%2Fcomments&post=830"}],"version-history":[{"count":3,"href":"https:\/\/finlandsbloggen.se\/index.php?rest_route=\/wp\/v2\/posts\/830\/revisions"}],"predecessor-version":[{"id":841,"href":"https:\/\/finlandsbloggen.se\/index.php?rest_route=\/wp\/v2\/posts\/830\/revisions\/841"}],"wp:attachment":[{"href":"https:\/\/finlandsbloggen.se\/index.php?rest_route=%2Fwp%2Fv2%2Fmedia&parent=830"}],"wp:term":[{"taxonomy":"category","embeddable":true,"href":"https:\/\/finlandsbloggen.se\/index.php?rest_route=%2Fwp%2Fv2%2Fcategories&post=830"},{"taxonomy":"post_tag","embeddable":true,"href":"https:\/\/finlandsbloggen.se\/index.php?rest_route=%2Fwp%2Fv2%2Ftags&post=830"}],"curies":[{"name":"wp","href":"https:\/\/api.w.org\/{rel}","templated":true}]}}