{"id":529,"date":"2021-08-18T09:22:16","date_gmt":"2021-08-18T09:22:16","guid":{"rendered":"http:\/\/finlandsbloggen.se\/?p=529"},"modified":"2021-08-18T09:22:16","modified_gmt":"2021-08-18T09:22:16","slug":"evenemangstips-foredrag-om-sibelius-tis-14-sept-2021-kl-1800","status":"publish","type":"post","link":"https:\/\/finlandsbloggen.se\/?p=529","title":{"rendered":"Evenemangstips: f\u00f6redrag om Sibelius tis 14 sept 2021, kl 1800"},"content":{"rendered":"<p>Symfonikernas f\u00f6rre pianist Erik Risberg pratar l\u00e4tt och ledigt om klassisk musik i sina avsp\u00e4nda f\u00f6rel\u00e4sningar. Han ber\u00e4ttar personligt om musiken och tons\u00e4ttarna och flygeln finns f\u00f6rst\u00e5s p\u00e5 plats.<\/p>\n<p><a href=\"https:\/\/www.gso.se\/program\/konserter\/klassisk-kuriosa-2021-2022\/2021-09-14-18:00\/\">L\u00e4s mer h\u00e4r!<\/a><\/p>\n","protected":false},"excerpt":{"rendered":"<p>Symfonikernas f\u00f6rre pianist Erik Risberg pratar l\u00e4tt och ledigt om klassisk musik i sina avsp\u00e4nda f\u00f6rel\u00e4sningar. Han ber\u00e4ttar personligt om musiken och tons\u00e4ttarna och flygeln finns f\u00f6rst\u00e5s p\u00e5 plats. L\u00e4s mer h\u00e4r!<\/p>\n","protected":false},"author":1,"featured_media":0,"comment_status":"closed","ping_status":"open","sticky":false,"template":"","format":"standard","meta":[],"categories":[1],"tags":[],"_links":{"self":[{"href":"https:\/\/finlandsbloggen.se\/index.php?rest_route=\/wp\/v2\/posts\/529"}],"collection":[{"href":"https:\/\/finlandsbloggen.se\/index.php?rest_route=\/wp\/v2\/posts"}],"about":[{"href":"https:\/\/finlandsbloggen.se\/index.php?rest_route=\/wp\/v2\/types\/post"}],"author":[{"embeddable":true,"href":"https:\/\/finlandsbloggen.se\/index.php?rest_route=\/wp\/v2\/users\/1"}],"replies":[{"embeddable":true,"href":"https:\/\/finlandsbloggen.se\/index.php?rest_route=%2Fwp%2Fv2%2Fcomments&post=529"}],"version-history":[{"count":1,"href":"https:\/\/finlandsbloggen.se\/index.php?rest_route=\/wp\/v2\/posts\/529\/revisions"}],"predecessor-version":[{"id":530,"href":"https:\/\/finlandsbloggen.se\/index.php?rest_route=\/wp\/v2\/posts\/529\/revisions\/530"}],"wp:attachment":[{"href":"https:\/\/finlandsbloggen.se\/index.php?rest_route=%2Fwp%2Fv2%2Fmedia&parent=529"}],"wp:term":[{"taxonomy":"category","embeddable":true,"href":"https:\/\/finlandsbloggen.se\/index.php?rest_route=%2Fwp%2Fv2%2Fcategories&post=529"},{"taxonomy":"post_tag","embeddable":true,"href":"https:\/\/finlandsbloggen.se\/index.php?rest_route=%2Fwp%2Fv2%2Ftags&post=529"}],"curies":[{"name":"wp","href":"https:\/\/api.w.org\/{rel}","templated":true}]}}