{"id":495,"date":"2017-10-31T22:29:14","date_gmt":"2017-10-31T22:29:14","guid":{"rendered":"http:\/\/finlandsbloggen.se\/?p=495"},"modified":"2017-10-31T22:29:14","modified_gmt":"2017-10-31T22:29:14","slug":"finland-100-valkommen-till-kronhuset-den-6-november","status":"publish","type":"post","link":"https:\/\/finlandsbloggen.se\/?p=495","title":{"rendered":"Finland 100: v\u00e4lkommen till Kronhuset den 6 november"},"content":{"rendered":"<p>&#8221;V\u00e4stsverige + Finland: kultur och n\u00e4ringsliv&#8221; \u00e4r namnet p\u00e5 ett sp\u00e4nnande evenemang i Kronhuset p\u00e5 sj\u00e4lvaste Gustav Adolfsdagen. Den 6 november firas som &#8221;Svenska dagen&#8221; i Finland och det \u00e4r v\u00e4l l\u00e4mpligt att uppm\u00e4rksamma Finland i Sverige samma datum.<\/p>\n<p><span style=\"font-weight: 300;\">Medverkar g\u00f6r bl a \u00c5landsbanken, Tom of Finland (filmen) och Svenska Amerika Liniens &#8221;Kungsholm&#8221;.\u00a0<\/span><span style=\"font-weight: 300;\">Se <\/span><a style=\"font-weight: 300;\" href=\"https:\/\/docs.wixstatic.com\/ugd\/2fbfa0_61b3f853290a4df48dd5144a1975aead.pdf\" target=\"_blank\">Finland100.se<\/a><span style=\"font-weight: 300;\"> f\u00f6r mer information och obligatorisk anm\u00e4lan. Gustav Adolfsbakelse ing\u00e5r.\u00a0<\/span><\/p>\n<p><a href=\"http:\/\/media.finlandsbloggen.se\/2017\/10\/gustav-adolfsbakelse.jpg\"><img decoding=\"async\" loading=\"lazy\" class=\"alignleft size-full wp-image-496\" title=\"gustav-adolfsbakelse\" src=\"http:\/\/media.finlandsbloggen.se\/2017\/10\/gustav-adolfsbakelse.jpg\" alt=\"\" width=\"1024\" height=\"512\" \/><\/a><\/p>\n","protected":false},"excerpt":{"rendered":"<p>&#8221;V\u00e4stsverige + Finland: kultur och n\u00e4ringsliv&#8221; \u00e4r namnet p\u00e5 ett sp\u00e4nnande evenemang i Kronhuset p\u00e5 sj\u00e4lvaste Gustav Adolfsdagen. Den 6 november firas som &#8221;Svenska dagen&#8221; i Finland och det \u00e4r v\u00e4l l\u00e4mpligt att uppm\u00e4rksamma Finland i Sverige samma datum. Medverkar &hellip; <a href=\"https:\/\/finlandsbloggen.se\/?p=495\">L\u00e4s mer <span class=\"meta-nav\">&rarr;<\/span><\/a><\/p>\n","protected":false},"author":1,"featured_media":0,"comment_status":"closed","ping_status":"open","sticky":false,"template":"","format":"standard","meta":[],"categories":[1],"tags":[],"_links":{"self":[{"href":"https:\/\/finlandsbloggen.se\/index.php?rest_route=\/wp\/v2\/posts\/495"}],"collection":[{"href":"https:\/\/finlandsbloggen.se\/index.php?rest_route=\/wp\/v2\/posts"}],"about":[{"href":"https:\/\/finlandsbloggen.se\/index.php?rest_route=\/wp\/v2\/types\/post"}],"author":[{"embeddable":true,"href":"https:\/\/finlandsbloggen.se\/index.php?rest_route=\/wp\/v2\/users\/1"}],"replies":[{"embeddable":true,"href":"https:\/\/finlandsbloggen.se\/index.php?rest_route=%2Fwp%2Fv2%2Fcomments&post=495"}],"version-history":[{"count":1,"href":"https:\/\/finlandsbloggen.se\/index.php?rest_route=\/wp\/v2\/posts\/495\/revisions"}],"predecessor-version":[{"id":497,"href":"https:\/\/finlandsbloggen.se\/index.php?rest_route=\/wp\/v2\/posts\/495\/revisions\/497"}],"wp:attachment":[{"href":"https:\/\/finlandsbloggen.se\/index.php?rest_route=%2Fwp%2Fv2%2Fmedia&parent=495"}],"wp:term":[{"taxonomy":"category","embeddable":true,"href":"https:\/\/finlandsbloggen.se\/index.php?rest_route=%2Fwp%2Fv2%2Fcategories&post=495"},{"taxonomy":"post_tag","embeddable":true,"href":"https:\/\/finlandsbloggen.se\/index.php?rest_route=%2Fwp%2Fv2%2Ftags&post=495"}],"curies":[{"name":"wp","href":"https:\/\/api.w.org\/{rel}","templated":true}]}}