{"id":490,"date":"2017-08-06T20:59:03","date_gmt":"2017-08-06T20:59:03","guid":{"rendered":"http:\/\/finlandsbloggen.se\/?p=490"},"modified":"2017-08-12T20:59:32","modified_gmt":"2017-08-12T20:59:32","slug":"ex-presidenten-sommarpratade","status":"publish","type":"post","link":"https:\/\/finlandsbloggen.se\/?p=490","title":{"rendered":"Ex-presidenten sommarpratade"},"content":{"rendered":"<p>Var det n\u00e5gon som missade Tarja Halonens sommarprat<span style=\"font-weight: 300;\">? Klicka <\/span><a style=\"font-weight: 300;\" title=\"Tarja Halonen\" href=\"http:\/\/sverigesradio.se\/sida\/avsnitt\/927241?programid=2071\" target=\"_blank\">h\u00e4r<\/a><span style=\"font-weight: 300;\"> i s\u00e5 fall, och bli mer allm\u00e4nbildad kring Finland.<\/span><\/p>\n","protected":false},"excerpt":{"rendered":"<p>Var det n\u00e5gon som missade Tarja Halonens sommarprat? Klicka h\u00e4r i s\u00e5 fall, och bli mer allm\u00e4nbildad kring Finland.<\/p>\n","protected":false},"author":1,"featured_media":0,"comment_status":"closed","ping_status":"open","sticky":false,"template":"","format":"standard","meta":[],"categories":[1],"tags":[],"_links":{"self":[{"href":"https:\/\/finlandsbloggen.se\/index.php?rest_route=\/wp\/v2\/posts\/490"}],"collection":[{"href":"https:\/\/finlandsbloggen.se\/index.php?rest_route=\/wp\/v2\/posts"}],"about":[{"href":"https:\/\/finlandsbloggen.se\/index.php?rest_route=\/wp\/v2\/types\/post"}],"author":[{"embeddable":true,"href":"https:\/\/finlandsbloggen.se\/index.php?rest_route=\/wp\/v2\/users\/1"}],"replies":[{"embeddable":true,"href":"https:\/\/finlandsbloggen.se\/index.php?rest_route=%2Fwp%2Fv2%2Fcomments&post=490"}],"version-history":[{"count":2,"href":"https:\/\/finlandsbloggen.se\/index.php?rest_route=\/wp\/v2\/posts\/490\/revisions"}],"predecessor-version":[{"id":492,"href":"https:\/\/finlandsbloggen.se\/index.php?rest_route=\/wp\/v2\/posts\/490\/revisions\/492"}],"wp:attachment":[{"href":"https:\/\/finlandsbloggen.se\/index.php?rest_route=%2Fwp%2Fv2%2Fmedia&parent=490"}],"wp:term":[{"taxonomy":"category","embeddable":true,"href":"https:\/\/finlandsbloggen.se\/index.php?rest_route=%2Fwp%2Fv2%2Fcategories&post=490"},{"taxonomy":"post_tag","embeddable":true,"href":"https:\/\/finlandsbloggen.se\/index.php?rest_route=%2Fwp%2Fv2%2Ftags&post=490"}],"curies":[{"name":"wp","href":"https:\/\/api.w.org\/{rel}","templated":true}]}}