{"id":484,"date":"2017-02-24T09:23:53","date_gmt":"2017-02-24T09:23:53","guid":{"rendered":"http:\/\/finlandsbloggen.se\/?p=484"},"modified":"2017-02-24T09:23:53","modified_gmt":"2017-02-24T09:23:53","slug":"var-fjortonde-person-i-sverige-har-finlandskt-pabra","status":"publish","type":"post","link":"https:\/\/finlandsbloggen.se\/?p=484","title":{"rendered":"Var fjortonde person i Sverige har finl\u00e4ndskt p\u00e5br\u00e5"},"content":{"rendered":"<p>S\u00e5 h\u00e4r n\u00e4r Finland fyller 100 \u00e5r som sj\u00e4lvst\u00e4ndig stat \u00e4r det ju kul med konstaterandet att var fjortonde svensk har finl\u00e4ndskt p\u00e5br\u00e5! 2<span style=\"font-weight: 300;\">016 bodde det drygt 719 000 personer i Sverige med denna bakgrund, eller 7,2 % av Sveriges befolkning, vilket <\/span><a style=\"font-weight: 300;\" href=\"http:\/\/sverigesradio.se\/sida\/artikel.aspx?programid=185&amp;artikel=6638363\" target=\"_blank\">Sveriges Radio <\/a><span style=\"font-weight: 300;\">rapporterar om.<\/span><\/p>\n<p>Och gl\u00f6m inte att bes\u00f6ka <a href=\"http:\/\/www.finland100.se\/\" target=\"_blank\">www.finland100.se<\/a>, f\u00f6r jubileumsaktiviteter i G\u00f6teborgsomr\u00e5det!<\/p>\n","protected":false},"excerpt":{"rendered":"<p>S\u00e5 h\u00e4r n\u00e4r Finland fyller 100 \u00e5r som sj\u00e4lvst\u00e4ndig stat \u00e4r det ju kul med konstaterandet att var fjortonde svensk har finl\u00e4ndskt p\u00e5br\u00e5! 2016 bodde det drygt 719 000 personer i Sverige med denna bakgrund, eller 7,2 % av Sveriges &hellip; <a href=\"https:\/\/finlandsbloggen.se\/?p=484\">L\u00e4s mer <span class=\"meta-nav\">&rarr;<\/span><\/a><\/p>\n","protected":false},"author":1,"featured_media":0,"comment_status":"closed","ping_status":"open","sticky":false,"template":"","format":"standard","meta":[],"categories":[1],"tags":[],"_links":{"self":[{"href":"https:\/\/finlandsbloggen.se\/index.php?rest_route=\/wp\/v2\/posts\/484"}],"collection":[{"href":"https:\/\/finlandsbloggen.se\/index.php?rest_route=\/wp\/v2\/posts"}],"about":[{"href":"https:\/\/finlandsbloggen.se\/index.php?rest_route=\/wp\/v2\/types\/post"}],"author":[{"embeddable":true,"href":"https:\/\/finlandsbloggen.se\/index.php?rest_route=\/wp\/v2\/users\/1"}],"replies":[{"embeddable":true,"href":"https:\/\/finlandsbloggen.se\/index.php?rest_route=%2Fwp%2Fv2%2Fcomments&post=484"}],"version-history":[{"count":1,"href":"https:\/\/finlandsbloggen.se\/index.php?rest_route=\/wp\/v2\/posts\/484\/revisions"}],"predecessor-version":[{"id":485,"href":"https:\/\/finlandsbloggen.se\/index.php?rest_route=\/wp\/v2\/posts\/484\/revisions\/485"}],"wp:attachment":[{"href":"https:\/\/finlandsbloggen.se\/index.php?rest_route=%2Fwp%2Fv2%2Fmedia&parent=484"}],"wp:term":[{"taxonomy":"category","embeddable":true,"href":"https:\/\/finlandsbloggen.se\/index.php?rest_route=%2Fwp%2Fv2%2Fcategories&post=484"},{"taxonomy":"post_tag","embeddable":true,"href":"https:\/\/finlandsbloggen.se\/index.php?rest_route=%2Fwp%2Fv2%2Ftags&post=484"}],"curies":[{"name":"wp","href":"https:\/\/api.w.org\/{rel}","templated":true}]}}