{"id":479,"date":"2016-11-18T03:31:07","date_gmt":"2016-11-18T03:31:07","guid":{"rendered":"http:\/\/finlandsbloggen.se\/?p=479"},"modified":"2016-11-18T03:31:07","modified_gmt":"2016-11-18T03:31:07","slug":"nej-det-blev-inget-berg","status":"publish","type":"post","link":"https:\/\/finlandsbloggen.se\/?p=479","title":{"rendered":"Nej, det blev inget berg"},"content":{"rendered":"<p>V\u00e4rldsnyheten om att Norge kanske skulle ge en fj\u00e4lltopp till Finland, i samband med n\u00e4sta \u00e5rs hundra\u00e5rsfirande av landets sj\u00e4lvst\u00e4ndighet, m\u00e5ste tyv\u00e4rr uppdateras med ett &#8221;nej, f\u00f6rresten&#8221;. Det skulle tydligen bli f\u00f6r <a href=\"https:\/\/svenska.yle.fi\/artikel\/2016\/10\/14\/norge-ger-ingen-fjalltopp-finland\" target=\"_blank\">juridiskt sv\u00e5rt<\/a> att rita om gr\u00e4nsen, \u00e4ven om det bara handlar om 40 meter.<\/p>\n<p>Finlandsbloggen f\u00f6resl\u00e5r n\u00e5gra kreativa l\u00f6sningar:<\/p>\n<ul>\n<li>Ett l\u00e5tsaskrig mellan Finland och Norge 2016, d\u00e4r finl\u00e4ndska styrkor avancerar 40 meter<\/li>\n<li>Flerdimensionell fastighetsbildning, d\u00e4r Norge \u00e4ger bergets bas och Finland f\u00e5r sj\u00e4lva toppen<\/li>\n<li>En bastu p\u00e5 toppen av Haldi\/Haldefjell, g\u00e4rna med diplomatisk status (=finskt territorium)<\/li>\n<\/ul>\n","protected":false},"excerpt":{"rendered":"<p>V\u00e4rldsnyheten om att Norge kanske skulle ge en fj\u00e4lltopp till Finland, i samband med n\u00e4sta \u00e5rs hundra\u00e5rsfirande av landets sj\u00e4lvst\u00e4ndighet, m\u00e5ste tyv\u00e4rr uppdateras med ett &#8221;nej, f\u00f6rresten&#8221;. Det skulle tydligen bli f\u00f6r juridiskt sv\u00e5rt att rita om gr\u00e4nsen, \u00e4ven om &hellip; <a href=\"https:\/\/finlandsbloggen.se\/?p=479\">L\u00e4s mer <span class=\"meta-nav\">&rarr;<\/span><\/a><\/p>\n","protected":false},"author":1,"featured_media":0,"comment_status":"closed","ping_status":"open","sticky":false,"template":"","format":"standard","meta":[],"categories":[1],"tags":[],"_links":{"self":[{"href":"https:\/\/finlandsbloggen.se\/index.php?rest_route=\/wp\/v2\/posts\/479"}],"collection":[{"href":"https:\/\/finlandsbloggen.se\/index.php?rest_route=\/wp\/v2\/posts"}],"about":[{"href":"https:\/\/finlandsbloggen.se\/index.php?rest_route=\/wp\/v2\/types\/post"}],"author":[{"embeddable":true,"href":"https:\/\/finlandsbloggen.se\/index.php?rest_route=\/wp\/v2\/users\/1"}],"replies":[{"embeddable":true,"href":"https:\/\/finlandsbloggen.se\/index.php?rest_route=%2Fwp%2Fv2%2Fcomments&post=479"}],"version-history":[{"count":1,"href":"https:\/\/finlandsbloggen.se\/index.php?rest_route=\/wp\/v2\/posts\/479\/revisions"}],"predecessor-version":[{"id":480,"href":"https:\/\/finlandsbloggen.se\/index.php?rest_route=\/wp\/v2\/posts\/479\/revisions\/480"}],"wp:attachment":[{"href":"https:\/\/finlandsbloggen.se\/index.php?rest_route=%2Fwp%2Fv2%2Fmedia&parent=479"}],"wp:term":[{"taxonomy":"category","embeddable":true,"href":"https:\/\/finlandsbloggen.se\/index.php?rest_route=%2Fwp%2Fv2%2Fcategories&post=479"},{"taxonomy":"post_tag","embeddable":true,"href":"https:\/\/finlandsbloggen.se\/index.php?rest_route=%2Fwp%2Fv2%2Ftags&post=479"}],"curies":[{"name":"wp","href":"https:\/\/api.w.org\/{rel}","templated":true}]}}