{"id":474,"date":"2016-07-27T20:32:31","date_gmt":"2016-07-27T20:32:31","guid":{"rendered":"http:\/\/finlandsbloggen.se\/?p=474"},"modified":"2016-07-27T20:32:31","modified_gmt":"2016-07-27T20:32:31","slug":"till-topps","status":"publish","type":"post","link":"https:\/\/finlandsbloggen.se\/?p=474","title":{"rendered":"Till topps!"},"content":{"rendered":"<p>Finlandsbloggen har tidigare ber\u00e4ttat om det storslagna f\u00f6rslaget om att ge Finland ett fj\u00e4ll i hundra\u00e5rsg\u00e5va n\u00e4sta \u00e5r. Nu har presenten kommit ett steg n\u00e4rmre f\u00f6rverkligande, <a href=\"http:\/\/www.di.se\/artiklar\/2016\/7\/27\/finland-far-fjall-i-present-av-norge\/\" target=\"_blank\">Dagens Industri<\/a> skriver om att den nordnorska kommunen K\u00e5fjord har l\u00e4mnat in ett officiellt f\u00f6rslag till regeringen om att justera den norsk-finska gr\u00e4nsen 40 meter s\u00e5 att berget Haldes topp framgent kan ligga inom Finlands gr\u00e4nser!<\/p>\n<p>Ryssland f\u00e5r g\u00e4rna kontra med Karelen.<\/p>\n","protected":false},"excerpt":{"rendered":"<p>Finlandsbloggen har tidigare ber\u00e4ttat om det storslagna f\u00f6rslaget om att ge Finland ett fj\u00e4ll i hundra\u00e5rsg\u00e5va n\u00e4sta \u00e5r. Nu har presenten kommit ett steg n\u00e4rmre f\u00f6rverkligande, Dagens Industri skriver om att den nordnorska kommunen K\u00e5fjord har l\u00e4mnat in ett officiellt &hellip; <a href=\"https:\/\/finlandsbloggen.se\/?p=474\">L\u00e4s mer <span class=\"meta-nav\">&rarr;<\/span><\/a><\/p>\n","protected":false},"author":1,"featured_media":0,"comment_status":"closed","ping_status":"open","sticky":false,"template":"","format":"standard","meta":[],"categories":[1],"tags":[],"_links":{"self":[{"href":"https:\/\/finlandsbloggen.se\/index.php?rest_route=\/wp\/v2\/posts\/474"}],"collection":[{"href":"https:\/\/finlandsbloggen.se\/index.php?rest_route=\/wp\/v2\/posts"}],"about":[{"href":"https:\/\/finlandsbloggen.se\/index.php?rest_route=\/wp\/v2\/types\/post"}],"author":[{"embeddable":true,"href":"https:\/\/finlandsbloggen.se\/index.php?rest_route=\/wp\/v2\/users\/1"}],"replies":[{"embeddable":true,"href":"https:\/\/finlandsbloggen.se\/index.php?rest_route=%2Fwp%2Fv2%2Fcomments&post=474"}],"version-history":[{"count":1,"href":"https:\/\/finlandsbloggen.se\/index.php?rest_route=\/wp\/v2\/posts\/474\/revisions"}],"predecessor-version":[{"id":475,"href":"https:\/\/finlandsbloggen.se\/index.php?rest_route=\/wp\/v2\/posts\/474\/revisions\/475"}],"wp:attachment":[{"href":"https:\/\/finlandsbloggen.se\/index.php?rest_route=%2Fwp%2Fv2%2Fmedia&parent=474"}],"wp:term":[{"taxonomy":"category","embeddable":true,"href":"https:\/\/finlandsbloggen.se\/index.php?rest_route=%2Fwp%2Fv2%2Fcategories&post=474"},{"taxonomy":"post_tag","embeddable":true,"href":"https:\/\/finlandsbloggen.se\/index.php?rest_route=%2Fwp%2Fv2%2Ftags&post=474"}],"curies":[{"name":"wp","href":"https:\/\/api.w.org\/{rel}","templated":true}]}}