{"id":460,"date":"2016-04-08T12:15:48","date_gmt":"2016-04-08T12:15:48","guid":{"rendered":"http:\/\/finlandsbloggen.se\/?p=460"},"modified":"2016-04-08T12:16:43","modified_gmt":"2016-04-08T12:16:43","slug":"arsmote-med-aboforeningen-pa-temat-pehr-kalm","status":"publish","type":"post","link":"https:\/\/finlandsbloggen.se\/?p=460","title":{"rendered":"\u00c5rsm\u00f6te med \u00c5bof\u00f6reningen p\u00e5 blomstertema"},"content":{"rendered":"<p>Bilden som pryder \u00c5bof\u00f6reningens \u00f6verkant \u00e4r ett foto av statyn &#8221;N\u00e4r v\u00e4nskapsbanden knytas&#8221;, vilken symboliserar den s\u00e4rskilda relation som \u00c5bo och G\u00f6teborg utvecklade under andra v\u00e4rldskriget, n\u00e4r g\u00f6teborgarna riktade st\u00f6d till de krigsdrabbade inv\u00e5narna i just \u00c5bo. I sp\u00e5ren av detta samarbete bildades \u00c5bof\u00f6reningen i G\u00f6teborg och G\u00f6teborgsf\u00f6reningen i \u00c5bo, vilka b\u00e5da fortlever.<\/p>\n<p>L\u00f6rdagen den 23 april kl 14.00 h\u00e5ller \u00c5bof\u00f6reningen i G\u00f6teborg \u00e5rsm\u00f6te, lokal \u00e4r institutionen f\u00f6r biologi och milj\u00f6vetenskap, Carl Skottsbergs gatan 22 B (50 m v\u00e4ster om Botaniska tr\u00e4dg\u00e5rdens entr\u00e9).<\/p>\n<p>F\u00f6rutom sedvanliga \u00e5rsm\u00f6tesf\u00f6rhandlingar h\u00e5ller professor em. Gunnar Weimarck f\u00f6redrag om &#8221;Pehr Kalm. Linn\u00e9l\u00e4rjunge, resen<span style=\"font-weight: 300;\">\u00e4r, forskare, professor i \u00c5bo&#8221;. Med tanke p\u00e5 kopplingen till blommor \u00e4r ju lokalerna synnerligen v\u00e4l valda.<\/span><\/p>\n<p>Efter m\u00f6tet inbjuds till kaffe i botaniska tr\u00e4dg\u00e5rden.<\/p>\n<div id=\"attachment_461\" style=\"width: 230px\" class=\"wp-caption alignleft\"><a href=\"http:\/\/media.finlandsbloggen.se\/2016\/04\/Pehr-Kalm.jpg\"><img aria-describedby=\"caption-attachment-461\" decoding=\"async\" loading=\"lazy\" class=\"size-full wp-image-461\" title=\"Pehr Kalm\" src=\"http:\/\/media.finlandsbloggen.se\/2016\/04\/Pehr-Kalm.jpg\" alt=\"\" width=\"220\" height=\"272\" \/><\/a><p id=\"caption-attachment-461\" class=\"wp-caption-text\">Linn\u00e9l\u00e4rjungen Pehr Kalm<\/p><\/div>\n","protected":false},"excerpt":{"rendered":"<p>Bilden som pryder \u00c5bof\u00f6reningens \u00f6verkant \u00e4r ett foto av statyn &#8221;N\u00e4r v\u00e4nskapsbanden knytas&#8221;, vilken symboliserar den s\u00e4rskilda relation som \u00c5bo och G\u00f6teborg utvecklade under andra v\u00e4rldskriget, n\u00e4r g\u00f6teborgarna riktade st\u00f6d till de krigsdrabbade inv\u00e5narna i just \u00c5bo. I sp\u00e5ren av &hellip; <a href=\"https:\/\/finlandsbloggen.se\/?p=460\">L\u00e4s mer <span class=\"meta-nav\">&rarr;<\/span><\/a><\/p>\n","protected":false},"author":1,"featured_media":0,"comment_status":"closed","ping_status":"open","sticky":false,"template":"","format":"standard","meta":[],"categories":[1],"tags":[],"_links":{"self":[{"href":"https:\/\/finlandsbloggen.se\/index.php?rest_route=\/wp\/v2\/posts\/460"}],"collection":[{"href":"https:\/\/finlandsbloggen.se\/index.php?rest_route=\/wp\/v2\/posts"}],"about":[{"href":"https:\/\/finlandsbloggen.se\/index.php?rest_route=\/wp\/v2\/types\/post"}],"author":[{"embeddable":true,"href":"https:\/\/finlandsbloggen.se\/index.php?rest_route=\/wp\/v2\/users\/1"}],"replies":[{"embeddable":true,"href":"https:\/\/finlandsbloggen.se\/index.php?rest_route=%2Fwp%2Fv2%2Fcomments&post=460"}],"version-history":[{"count":2,"href":"https:\/\/finlandsbloggen.se\/index.php?rest_route=\/wp\/v2\/posts\/460\/revisions"}],"predecessor-version":[{"id":463,"href":"https:\/\/finlandsbloggen.se\/index.php?rest_route=\/wp\/v2\/posts\/460\/revisions\/463"}],"wp:attachment":[{"href":"https:\/\/finlandsbloggen.se\/index.php?rest_route=%2Fwp%2Fv2%2Fmedia&parent=460"}],"wp:term":[{"taxonomy":"category","embeddable":true,"href":"https:\/\/finlandsbloggen.se\/index.php?rest_route=%2Fwp%2Fv2%2Fcategories&post=460"},{"taxonomy":"post_tag","embeddable":true,"href":"https:\/\/finlandsbloggen.se\/index.php?rest_route=%2Fwp%2Fv2%2Ftags&post=460"}],"curies":[{"name":"wp","href":"https:\/\/api.w.org\/{rel}","templated":true}]}}