{"id":445,"date":"2015-12-20T06:15:47","date_gmt":"2015-12-20T06:15:47","guid":{"rendered":"http:\/\/finlandsbloggen.se\/?p=445"},"modified":"2015-12-20T06:15:47","modified_gmt":"2015-12-20T06:15:47","slug":"hojdarpresent-till-finland-2017","status":"publish","type":"post","link":"https:\/\/finlandsbloggen.se\/?p=445","title":{"rendered":"H\u00f6jdarpresent till Finland 2017?"},"content":{"rendered":"<p>Finlands h\u00f6gsta punkt \u00e4r <a href=\"https:\/\/sv.wikipedia.org\/wiki\/Halde_fj%C3%A4ll\" target=\"_blank\">Halde fj\u00e4ll<\/a>, 1 324 m \u00f6 h. Berget gr\u00e4nsar till Norge och m\u00e4rkligt nog ligger sj\u00e4lva fj\u00e4lltoppen i grannlandet. Detta vill nu B<span style=\"font-weight: 300;\">j\u00f8rn Geirr Harsson \u00e4ndra p\u00e5, han \u00e4r pensionerad norsk geodet med l\u00e5ng karri\u00e4r p\u00e5 Statens Kartverk. Hans f\u00f6rslag \u00e4r att Norge helt enkelt \u00e4ndrar gr\u00e4nsen i samband med Finlands hundra\u00e5rsjubileum 2017 &#8211; en toppenpresent!<\/span><\/p>\n<p><span style=\"font-weight: 300;\">Nyheten har nu spritt sig \u00f6ver v\u00e4rlden, bl a <a href=\"http:\/\/edition.cnn.com\/2015\/12\/18\/europe\/norway-mountain-gift-finland\/index.html\" target=\"_blank\">CNN<\/a>\u00a0och\u00a0<a href=\"http:\/\/www.telegraph.co.uk\/news\/worldnews\/europe\/norway\/12055542\/Norway-launches-campaign-to-give-Finland-a-mountain.html\" target=\"_blank\">The Telegraph<\/a>\u00a0<\/span><span style=\"font-weight: 300;\">rapporterar om initiativet.\u00a0<\/span><span style=\"font-weight: 300;\">Naturligtvis finns det en grupp p\u00e5 <\/span><a style=\"font-weight: 300;\" href=\"https:\/\/www.facebook.com\/Haltijubileum\/\" target=\"_blank\">Facebook<\/a><span style=\"font-weight: 300;\"> f\u00f6r \u00e4ndam\u00e5let. En finl\u00e4ndsk bes\u00f6kare har kommenterat: &#8221;hur skall Sverige svara p\u00e5 detta?&#8221;.<\/span><\/p>\n<p>Fast det kanske vi redan har gjort. N\u00e4r M\u00e4rkets fyr byggdes i s\u00f6dra Kvarken 1885, d\u00e5 Finland \u00e4nnu l\u00e5g under Ryssland, restes fyren av misstag inne p\u00e5 svenskt territorium. <a href=\"http:\/\/www.dagensbatliv.se\/reportage\/markligt-med-market-finland-ar-har-vaster-om-sverige\" target=\"_blank\">F\u00f6rst 1985<\/a> r\u00e4ttades misstaget till genom att Sverige och Finland bytte mark med varandra. D\u00e4rf\u00f6r kan man idag st\u00e5 p\u00e5 v\u00e4stra sidan av \u00f6n &#8211; i Finland &#8211; och titta \u00f6sterut mot Sverige.<\/p>\n<p>All heder till det norska presentf\u00f6rslaget, vilket fantastiskt s\u00e4tt att uppm\u00e4rksamma det kommande hundra\u00e5rsjubileet i Finland!<\/p>\n","protected":false},"excerpt":{"rendered":"<p>Finlands h\u00f6gsta punkt \u00e4r Halde fj\u00e4ll, 1 324 m \u00f6 h. Berget gr\u00e4nsar till Norge och m\u00e4rkligt nog ligger sj\u00e4lva fj\u00e4lltoppen i grannlandet. Detta vill nu Bj\u00f8rn Geirr Harsson \u00e4ndra p\u00e5, han \u00e4r pensionerad norsk geodet med l\u00e5ng karri\u00e4r p\u00e5 &hellip; <a href=\"https:\/\/finlandsbloggen.se\/?p=445\">L\u00e4s mer <span class=\"meta-nav\">&rarr;<\/span><\/a><\/p>\n","protected":false},"author":1,"featured_media":0,"comment_status":"closed","ping_status":"open","sticky":false,"template":"","format":"standard","meta":[],"categories":[1],"tags":[],"_links":{"self":[{"href":"https:\/\/finlandsbloggen.se\/index.php?rest_route=\/wp\/v2\/posts\/445"}],"collection":[{"href":"https:\/\/finlandsbloggen.se\/index.php?rest_route=\/wp\/v2\/posts"}],"about":[{"href":"https:\/\/finlandsbloggen.se\/index.php?rest_route=\/wp\/v2\/types\/post"}],"author":[{"embeddable":true,"href":"https:\/\/finlandsbloggen.se\/index.php?rest_route=\/wp\/v2\/users\/1"}],"replies":[{"embeddable":true,"href":"https:\/\/finlandsbloggen.se\/index.php?rest_route=%2Fwp%2Fv2%2Fcomments&post=445"}],"version-history":[{"count":1,"href":"https:\/\/finlandsbloggen.se\/index.php?rest_route=\/wp\/v2\/posts\/445\/revisions"}],"predecessor-version":[{"id":446,"href":"https:\/\/finlandsbloggen.se\/index.php?rest_route=\/wp\/v2\/posts\/445\/revisions\/446"}],"wp:attachment":[{"href":"https:\/\/finlandsbloggen.se\/index.php?rest_route=%2Fwp%2Fv2%2Fmedia&parent=445"}],"wp:term":[{"taxonomy":"category","embeddable":true,"href":"https:\/\/finlandsbloggen.se\/index.php?rest_route=%2Fwp%2Fv2%2Fcategories&post=445"},{"taxonomy":"post_tag","embeddable":true,"href":"https:\/\/finlandsbloggen.se\/index.php?rest_route=%2Fwp%2Fv2%2Ftags&post=445"}],"curies":[{"name":"wp","href":"https:\/\/api.w.org\/{rel}","templated":true}]}}