{"id":433,"date":"2015-12-07T08:02:05","date_gmt":"2015-12-07T08:02:05","guid":{"rendered":"http:\/\/finlandsbloggen.se\/?p=433"},"modified":"2015-12-20T05:50:13","modified_gmt":"2015-12-20T05:50:13","slug":"sjalvstandighetsfirande-i-goteborg-den-6-december","status":"publish","type":"post","link":"https:\/\/finlandsbloggen.se\/?p=433","title":{"rendered":"Sj\u00e4lvst\u00e4ndighetsfirande i G\u00f6teborg den 6 december"},"content":{"rendered":"<p>Finsk\/svenska aff\u00e4rsklubben i V\u00e4stsverige (<a href=\"https:\/\/www.facebook.com\/finsksvenskaaffarsklubben\/\" target=\"_blank\">FAIVS<\/a>) hade tagit ett mycket trevligt initiativ att fira Finlands sj\u00e4lvst\u00e4ndighetsdag i vackra Frimurarelogens lokaler i G\u00f6teborg. Finlands honor\u00e4ra generalkonsul Heli van der Valk, nyligen dekorerad med Finlands krigsveteraners f\u00f6rtj\u00e4nstmedalj, h\u00f6ll ett mycket personligt och tankev\u00e4ckande tal som bl a handlade om hur kriget pr\u00e4glade Finland \u00e4ven efter fredsslutet. N\u00e5gra n\u00e4rvarande svenskar yttrade efter\u00e5t: &#8221;vi l\u00e4rde oss j\u00e4ttemycket, det h\u00e4r har vi aldrig f\u00e5tt h\u00f6ra om i skolan&#8221;.<\/p>\n<p>N\u00e4, just det. Desto st\u00f6rre anledning att fira Finland i G\u00f6teborg, som haft fred i \u00f6ver 200 \u00e5r. En klok g\u00e4st kommenterade, att om Finland inte lyckats v\u00e4rja sitt oberoende, s\u00e5 hade Sverige f\u00e5tt Sovjetunionen till granne, med allt vad det hade inneburit av anpassning.<\/p>\n<p>Aftonen bj\u00f6d ocks\u00e5 p\u00e5 god mat samt levande musik, inte minst framf\u00f6rdes &#8221;Finlandia&#8221; p\u00e5 violin.\u00a0<span style=\"font-weight: 300;\">Och p\u00e5 Gustav Adolfs torg vajade svenska och finl\u00e4ndska flaggor, G\u00f6teborg \u00e4r ju Sveriges mest bl\u00e5vita stad.<\/span><\/p>\n<p>Grattis Finland &#8211; snart \u00e4r det dags f\u00f6r 100-\u00e5rsjubileum!<\/p>\n<div id=\"attachment_434\" style=\"width: 360px\" class=\"wp-caption alignleft\"><a href=\"http:\/\/media.finlandsbloggen.se\/2015\/12\/Leif-Friis-Heli-van-der-Valk-och-Meta-Mannerheim-den-6-dec-2015.jpg\"><img aria-describedby=\"caption-attachment-434\" decoding=\"async\" loading=\"lazy\" class=\"size-large wp-image-434  \" title=\"Leif Friis, Heli van der Valk och Meta Mannerheim den 6 dec 2015\" src=\"http:\/\/media.finlandsbloggen.se\/2015\/12\/Leif-Friis-Heli-van-der-Valk-och-Meta-Mannerheim-den-6-dec-2015-755x1024.jpg\" alt=\"\" width=\"350\" height=\"475\" \/><\/a><p id=\"caption-attachment-434\" class=\"wp-caption-text\">Sj\u00e4lvst\u00e4ndighetsfirande i lokaler fr\u00e5n 1806. P\u00e5 bilden Leif Friis (FAIVS), generalkonsul Heli van der Valk och hedersg\u00e4st Meta Mannerheim, alla inramade av Topelius bl\u00e5vita &quot;Marstrandsflagga&quot; som togs fram 1862.<\/p><\/div>\n<p>&nbsp;<\/p>\n<div id=\"attachment_436\" style=\"width: 360px\" class=\"wp-caption alignleft\"><a href=\"http:\/\/media.finlandsbloggen.se\/2015\/12\/F\u00f6rmingel.jpg\"><img aria-describedby=\"caption-attachment-436\" decoding=\"async\" loading=\"lazy\" class=\"size-large wp-image-436 \" title=\"F\u00f6rmingel\" src=\"http:\/\/media.finlandsbloggen.se\/2015\/12\/F\u00f6rmingel-668x1024.jpg\" alt=\"\" width=\"350\" height=\"537\" \/><\/a><p id=\"caption-attachment-436\" class=\"wp-caption-text\">F\u00f6rmingel \u00e5 Frimurarelogen<\/p><\/div>\n<div id=\"attachment_435\" style=\"width: 360px\" class=\"wp-caption alignleft\"><a href=\"http:\/\/media.finlandsbloggen.se\/2015\/12\/G\u00f6teborgs-finl\u00e4ndsk-musikunderh\u00e5llning.jpg\"><img aria-describedby=\"caption-attachment-435\" decoding=\"async\" loading=\"lazy\" class=\"size-large wp-image-435 \" title=\"G\u00f6teborgs-finl\u00e4ndsk musikunderh\u00e5llning\" src=\"http:\/\/media.finlandsbloggen.se\/2015\/12\/G\u00f6teborgs-finl\u00e4ndsk-musikunderh\u00e5llning-737x1024.jpg\" alt=\"\" width=\"350\" height=\"487\" \/><\/a><p id=\"caption-attachment-435\" class=\"wp-caption-text\">G\u00f6teborgs-finl\u00e4ndsk musikunderh\u00e5llning<\/p><\/div>\n","protected":false},"excerpt":{"rendered":"<p>Finsk\/svenska aff\u00e4rsklubben i V\u00e4stsverige (FAIVS) hade tagit ett mycket trevligt initiativ att fira Finlands sj\u00e4lvst\u00e4ndighetsdag i vackra Frimurarelogens lokaler i G\u00f6teborg. Finlands honor\u00e4ra generalkonsul Heli van der Valk, nyligen dekorerad med Finlands krigsveteraners f\u00f6rtj\u00e4nstmedalj, h\u00f6ll ett mycket personligt och tankev\u00e4ckande &hellip; <a href=\"https:\/\/finlandsbloggen.se\/?p=433\">L\u00e4s mer <span class=\"meta-nav\">&rarr;<\/span><\/a><\/p>\n","protected":false},"author":1,"featured_media":0,"comment_status":"open","ping_status":"open","sticky":false,"template":"","format":"standard","meta":[],"categories":[1],"tags":[],"_links":{"self":[{"href":"https:\/\/finlandsbloggen.se\/index.php?rest_route=\/wp\/v2\/posts\/433"}],"collection":[{"href":"https:\/\/finlandsbloggen.se\/index.php?rest_route=\/wp\/v2\/posts"}],"about":[{"href":"https:\/\/finlandsbloggen.se\/index.php?rest_route=\/wp\/v2\/types\/post"}],"author":[{"embeddable":true,"href":"https:\/\/finlandsbloggen.se\/index.php?rest_route=\/wp\/v2\/users\/1"}],"replies":[{"embeddable":true,"href":"https:\/\/finlandsbloggen.se\/index.php?rest_route=%2Fwp%2Fv2%2Fcomments&post=433"}],"version-history":[{"count":5,"href":"https:\/\/finlandsbloggen.se\/index.php?rest_route=\/wp\/v2\/posts\/433\/revisions"}],"predecessor-version":[{"id":444,"href":"https:\/\/finlandsbloggen.se\/index.php?rest_route=\/wp\/v2\/posts\/433\/revisions\/444"}],"wp:attachment":[{"href":"https:\/\/finlandsbloggen.se\/index.php?rest_route=%2Fwp%2Fv2%2Fmedia&parent=433"}],"wp:term":[{"taxonomy":"category","embeddable":true,"href":"https:\/\/finlandsbloggen.se\/index.php?rest_route=%2Fwp%2Fv2%2Fcategories&post=433"},{"taxonomy":"post_tag","embeddable":true,"href":"https:\/\/finlandsbloggen.se\/index.php?rest_route=%2Fwp%2Fv2%2Ftags&post=433"}],"curies":[{"name":"wp","href":"https:\/\/api.w.org\/{rel}","templated":true}]}}