{"id":428,"date":"2015-09-03T19:38:54","date_gmt":"2015-09-03T19:38:54","guid":{"rendered":"http:\/\/finlandsbloggen.se\/?p=428"},"modified":"2015-09-03T19:38:54","modified_gmt":"2015-09-03T19:38:54","slug":"sverige-ar-finskt","status":"publish","type":"post","link":"https:\/\/finlandsbloggen.se\/?p=428","title":{"rendered":"Sverige \u00e4r finskt"},"content":{"rendered":"<p>F\u00f6r ett tag sedan gick serien &#8221;Finland \u00e4r svenskt&#8221; p\u00e5 finl\u00e4ndsk TV och orsakade stor uppm\u00e4rksamhet.<\/p>\n<p>Nu kontrar Sveriges Radio med programmet <a href=\"http:\/\/sverigesradio.se\/sida\/avsnitt?programid=4853\" target=\"_blank\">&#8221;Sverige \u00e4r finskt&#8221;<\/a>. Trevlig lyssning!<\/p>\n","protected":false},"excerpt":{"rendered":"<p>F\u00f6r ett tag sedan gick serien &#8221;Finland \u00e4r svenskt&#8221; p\u00e5 finl\u00e4ndsk TV och orsakade stor uppm\u00e4rksamhet. Nu kontrar Sveriges Radio med programmet &#8221;Sverige \u00e4r finskt&#8221;. Trevlig lyssning!<\/p>\n","protected":false},"author":1,"featured_media":0,"comment_status":"open","ping_status":"open","sticky":false,"template":"","format":"standard","meta":[],"categories":[1],"tags":[],"_links":{"self":[{"href":"https:\/\/finlandsbloggen.se\/index.php?rest_route=\/wp\/v2\/posts\/428"}],"collection":[{"href":"https:\/\/finlandsbloggen.se\/index.php?rest_route=\/wp\/v2\/posts"}],"about":[{"href":"https:\/\/finlandsbloggen.se\/index.php?rest_route=\/wp\/v2\/types\/post"}],"author":[{"embeddable":true,"href":"https:\/\/finlandsbloggen.se\/index.php?rest_route=\/wp\/v2\/users\/1"}],"replies":[{"embeddable":true,"href":"https:\/\/finlandsbloggen.se\/index.php?rest_route=%2Fwp%2Fv2%2Fcomments&post=428"}],"version-history":[{"count":1,"href":"https:\/\/finlandsbloggen.se\/index.php?rest_route=\/wp\/v2\/posts\/428\/revisions"}],"predecessor-version":[{"id":429,"href":"https:\/\/finlandsbloggen.se\/index.php?rest_route=\/wp\/v2\/posts\/428\/revisions\/429"}],"wp:attachment":[{"href":"https:\/\/finlandsbloggen.se\/index.php?rest_route=%2Fwp%2Fv2%2Fmedia&parent=428"}],"wp:term":[{"taxonomy":"category","embeddable":true,"href":"https:\/\/finlandsbloggen.se\/index.php?rest_route=%2Fwp%2Fv2%2Fcategories&post=428"},{"taxonomy":"post_tag","embeddable":true,"href":"https:\/\/finlandsbloggen.se\/index.php?rest_route=%2Fwp%2Fv2%2Ftags&post=428"}],"curies":[{"name":"wp","href":"https:\/\/api.w.org\/{rel}","templated":true}]}}