{"id":420,"date":"2015-05-14T17:17:52","date_gmt":"2015-05-14T17:17:52","guid":{"rendered":"http:\/\/finlandsbloggen.se\/?p=420"},"modified":"2015-05-14T17:26:06","modified_gmt":"2015-05-14T17:26:06","slug":"och-hur-gick-det-med-invigningen","status":"publish","type":"post","link":"https:\/\/finlandsbloggen.se\/?p=420","title":{"rendered":"Och hur gick det med nyinvigningen&#8230;"},"content":{"rendered":"<p>&#8230; av Isaac Be\u00e9ns plats?<\/p>\n<p>Jotack, bra. Det \u00e4r en m\u00e5nad mellan nedanst\u00e5ende bilder, d\u00e4rav skillnaden i gr\u00f6nska. Och nu har det blivit v\u00e5r igen, ett \u00e5r senare.<\/p>\n<p>Finlandsbloggen \u00e5terkommer med fler uppdateringar fr\u00e5n \u00e5ret som g\u00e5tt.<\/p>\n<p><a href=\"http:\/\/media.finlandsbloggen.se\/2015\/05\/Isaac-Beens-plats-blommar-2.jpg\"><img decoding=\"async\" loading=\"lazy\" class=\"alignleft size-large wp-image-423\" title=\"Isaac Beens plats blommar\" src=\"http:\/\/media.finlandsbloggen.se\/2015\/05\/Isaac-Beens-plats-blommar-2-1024x755.jpg\" alt=\"\" width=\"584\" height=\"430\" \/><\/a><\/p>\n<p>&nbsp;<\/p>\n<p><a href=\"http:\/\/media.finlandsbloggen.se\/2015\/05\/Isaac-Beens-plats-invigs-med-skylt-22-april-20141.jpg\"><img decoding=\"async\" loading=\"lazy\" class=\"alignleft size-large wp-image-422\" title=\"Isaac Beens plats invigs med skylt 22 april 2014\" src=\"http:\/\/media.finlandsbloggen.se\/2015\/05\/Isaac-Beens-plats-invigs-med-skylt-22-april-20141-1024x663.jpg\" alt=\"\" width=\"584\" height=\"378\" \/><\/a><\/p>\n","protected":false},"excerpt":{"rendered":"<p>&#8230; av Isaac Be\u00e9ns plats? Jotack, bra. Det \u00e4r en m\u00e5nad mellan nedanst\u00e5ende bilder, d\u00e4rav skillnaden i gr\u00f6nska. Och nu har det blivit v\u00e5r igen, ett \u00e5r senare. Finlandsbloggen \u00e5terkommer med fler uppdateringar fr\u00e5n \u00e5ret som g\u00e5tt. &nbsp;<\/p>\n","protected":false},"author":1,"featured_media":0,"comment_status":"open","ping_status":"open","sticky":false,"template":"","format":"standard","meta":[],"categories":[1],"tags":[],"_links":{"self":[{"href":"https:\/\/finlandsbloggen.se\/index.php?rest_route=\/wp\/v2\/posts\/420"}],"collection":[{"href":"https:\/\/finlandsbloggen.se\/index.php?rest_route=\/wp\/v2\/posts"}],"about":[{"href":"https:\/\/finlandsbloggen.se\/index.php?rest_route=\/wp\/v2\/types\/post"}],"author":[{"embeddable":true,"href":"https:\/\/finlandsbloggen.se\/index.php?rest_route=\/wp\/v2\/users\/1"}],"replies":[{"embeddable":true,"href":"https:\/\/finlandsbloggen.se\/index.php?rest_route=%2Fwp%2Fv2%2Fcomments&post=420"}],"version-history":[{"count":3,"href":"https:\/\/finlandsbloggen.se\/index.php?rest_route=\/wp\/v2\/posts\/420\/revisions"}],"predecessor-version":[{"id":426,"href":"https:\/\/finlandsbloggen.se\/index.php?rest_route=\/wp\/v2\/posts\/420\/revisions\/426"}],"wp:attachment":[{"href":"https:\/\/finlandsbloggen.se\/index.php?rest_route=%2Fwp%2Fv2%2Fmedia&parent=420"}],"wp:term":[{"taxonomy":"category","embeddable":true,"href":"https:\/\/finlandsbloggen.se\/index.php?rest_route=%2Fwp%2Fv2%2Fcategories&post=420"},{"taxonomy":"post_tag","embeddable":true,"href":"https:\/\/finlandsbloggen.se\/index.php?rest_route=%2Fwp%2Fv2%2Ftags&post=420"}],"curies":[{"name":"wp","href":"https:\/\/api.w.org\/{rel}","templated":true}]}}