{"id":417,"date":"2015-05-14T17:13:18","date_gmt":"2015-05-14T17:13:18","guid":{"rendered":"http:\/\/finlandsbloggen.se\/?p=417"},"modified":"2015-05-14T17:28:53","modified_gmt":"2015-05-14T17:28:53","slug":"sverige-ar-varldens-sjatte-basta-land","status":"publish","type":"post","link":"https:\/\/finlandsbloggen.se\/?p=417","title":{"rendered":"Sverige \u00e4r v\u00e4rldens sj\u00e4tte b\u00e4sta land&#8230;"},"content":{"rendered":"<p>&#8230; Men hur \u00e4r det med Finland, enligt World Economic Forum?<\/p>\n<p>Finlandsbloggen har varit f\u00f6r\u00e4ldraledig &#8211; d\u00e4rav ett \u00e5rs tystnad &#8211; men \u00e4r nu tillbaka med <a href=\"http:\/\/www.di.se\/artiklar\/2015\/5\/13\/finland-ar-varldens-basta-land\/\" target=\"_blank\">f\u00f6ljande intressanta nyhet<\/a>. Trots officiell recession i Finland och allting.<\/p>\n<p>&nbsp;<\/p>\n<p>&nbsp;<\/p>\n","protected":false},"excerpt":{"rendered":"<p>&#8230; Men hur \u00e4r det med Finland, enligt World Economic Forum? Finlandsbloggen har varit f\u00f6r\u00e4ldraledig &#8211; d\u00e4rav ett \u00e5rs tystnad &#8211; men \u00e4r nu tillbaka med f\u00f6ljande intressanta nyhet. Trots officiell recession i Finland och allting. &nbsp; &nbsp;<\/p>\n","protected":false},"author":1,"featured_media":0,"comment_status":"open","ping_status":"open","sticky":false,"template":"","format":"standard","meta":[],"categories":[1],"tags":[],"_links":{"self":[{"href":"https:\/\/finlandsbloggen.se\/index.php?rest_route=\/wp\/v2\/posts\/417"}],"collection":[{"href":"https:\/\/finlandsbloggen.se\/index.php?rest_route=\/wp\/v2\/posts"}],"about":[{"href":"https:\/\/finlandsbloggen.se\/index.php?rest_route=\/wp\/v2\/types\/post"}],"author":[{"embeddable":true,"href":"https:\/\/finlandsbloggen.se\/index.php?rest_route=\/wp\/v2\/users\/1"}],"replies":[{"embeddable":true,"href":"https:\/\/finlandsbloggen.se\/index.php?rest_route=%2Fwp%2Fv2%2Fcomments&post=417"}],"version-history":[{"count":3,"href":"https:\/\/finlandsbloggen.se\/index.php?rest_route=\/wp\/v2\/posts\/417\/revisions"}],"predecessor-version":[{"id":419,"href":"https:\/\/finlandsbloggen.se\/index.php?rest_route=\/wp\/v2\/posts\/417\/revisions\/419"}],"wp:attachment":[{"href":"https:\/\/finlandsbloggen.se\/index.php?rest_route=%2Fwp%2Fv2%2Fmedia&parent=417"}],"wp:term":[{"taxonomy":"category","embeddable":true,"href":"https:\/\/finlandsbloggen.se\/index.php?rest_route=%2Fwp%2Fv2%2Fcategories&post=417"},{"taxonomy":"post_tag","embeddable":true,"href":"https:\/\/finlandsbloggen.se\/index.php?rest_route=%2Fwp%2Fv2%2Ftags&post=417"}],"curies":[{"name":"wp","href":"https:\/\/api.w.org\/{rel}","templated":true}]}}