{"id":412,"date":"2014-04-19T19:16:04","date_gmt":"2014-04-19T19:16:04","guid":{"rendered":"http:\/\/finlandsbloggen.se\/?p=412"},"modified":"2014-04-19T19:16:04","modified_gmt":"2014-04-19T19:16:04","slug":"isaac-beens-plats","status":"publish","type":"post","link":"https:\/\/finlandsbloggen.se\/?p=412","title":{"rendered":"Isaac B\u00e9ens plats"},"content":{"rendered":"<div id=\"attachment_413\" style=\"width: 233px\" class=\"wp-caption alignleft\"><a href=\"http:\/\/media.finlandsbloggen.se\/2014\/04\/Mor-med-barn-Isaac-Been.jpg\"><img aria-describedby=\"caption-attachment-413\" decoding=\"async\" loading=\"lazy\" class=\"size-medium wp-image-413\" title=\"Mor med barn Isaac Been\" src=\"http:\/\/media.finlandsbloggen.se\/2014\/04\/Mor-med-barn-Isaac-Been-223x300.jpg\" alt=\"\" width=\"223\" height=\"300\" \/><\/a><p id=\"caption-attachment-413\" class=\"wp-caption-text\">&quot;Livet g\u00e5r vidare&quot;, verk sk\u00e4nkt till Isaac B\u00e9en efter andra v\u00e4rldskriget<\/p><\/div>\n<p>P\u00e5 ett \u00e4ldreboende i Kroksl\u00e4tt, G\u00f6teborg, h\u00e4nger denna tavla, med namnet &#8221;Livet g\u00e5r vidare&#8221;. Verket sk\u00e4nktes 1948 till pr\u00e4stmannen Isaac B\u00e9en, som under kriget hade lett insamlingar till Finland.<\/p>\n<p>Kvinnan p\u00e5 bilden har blicken f\u00e4st mot framtiden och ett barn i armarna, en tydlig symbolik om att Finland nu skulle l\u00e4mna en besv\u00e4rlig tid bakom sig.<\/p>\n<p>F\u00f6rutom st\u00f6det till Finland tog Isaac B\u00e9en ocks\u00e5 initiativ till Stadsmissionen i G\u00f6teborg, han s\u00e5g den n\u00f6d som ocks\u00e5 fanns p\u00e5 hemmaplan. 1992 fick han en gr\u00f6nyta uppkallad efter sig, mitt emot Stadsmissionens hus i Stigbergsliden.<\/p>\n<p>N\u00e5gon skylt kom emellertid aldrig upp och \u00c5bof\u00f6reningen har d\u00e4rf\u00f6r gjort gemensam sak med Stadsmissionens v\u00e4nf\u00f6rening samt Kulturminnesf\u00f6reningen Gathenhielm och anskaffat en bl\u00e5 gatuskylt med texten &#8221;Isaac B\u00e9ens Plats&#8221;.<em> Long overdue<\/em>, som det heter p\u00e5 engelska.<\/p>\n<p>Invigning sker den 22 april kl 16.00 &#8211; 22 \u00e5r efter namns\u00e4ttningen, reportage kommer.<\/p>\n<p>Glad p\u00e5sk s\u00e5 l\u00e4nge.<\/p>\n<p><a href=\"http:\/\/media.finlandsbloggen.se\/2014\/04\/Plakett-tavla-ny.jpg\"><img decoding=\"async\" loading=\"lazy\" class=\"alignleft size-medium wp-image-414\" title=\"Plakett tavla ny\" src=\"http:\/\/media.finlandsbloggen.se\/2014\/04\/Plakett-tavla-ny-300x166.jpg\" alt=\"\" width=\"300\" height=\"166\" \/><\/a><\/p>\n<p>&nbsp;<\/p>\n<p>&nbsp;<\/p>\n<p>&nbsp;<\/p>\n","protected":false},"excerpt":{"rendered":"<p>P\u00e5 ett \u00e4ldreboende i Kroksl\u00e4tt, G\u00f6teborg, h\u00e4nger denna tavla, med namnet &#8221;Livet g\u00e5r vidare&#8221;. Verket sk\u00e4nktes 1948 till pr\u00e4stmannen Isaac B\u00e9en, som under kriget hade lett insamlingar till Finland. Kvinnan p\u00e5 bilden har blicken f\u00e4st mot framtiden och ett barn &hellip; <a href=\"https:\/\/finlandsbloggen.se\/?p=412\">L\u00e4s mer <span class=\"meta-nav\">&rarr;<\/span><\/a><\/p>\n","protected":false},"author":1,"featured_media":0,"comment_status":"open","ping_status":"open","sticky":false,"template":"","format":"standard","meta":[],"categories":[1],"tags":[],"_links":{"self":[{"href":"https:\/\/finlandsbloggen.se\/index.php?rest_route=\/wp\/v2\/posts\/412"}],"collection":[{"href":"https:\/\/finlandsbloggen.se\/index.php?rest_route=\/wp\/v2\/posts"}],"about":[{"href":"https:\/\/finlandsbloggen.se\/index.php?rest_route=\/wp\/v2\/types\/post"}],"author":[{"embeddable":true,"href":"https:\/\/finlandsbloggen.se\/index.php?rest_route=\/wp\/v2\/users\/1"}],"replies":[{"embeddable":true,"href":"https:\/\/finlandsbloggen.se\/index.php?rest_route=%2Fwp%2Fv2%2Fcomments&post=412"}],"version-history":[{"count":1,"href":"https:\/\/finlandsbloggen.se\/index.php?rest_route=\/wp\/v2\/posts\/412\/revisions"}],"predecessor-version":[{"id":415,"href":"https:\/\/finlandsbloggen.se\/index.php?rest_route=\/wp\/v2\/posts\/412\/revisions\/415"}],"wp:attachment":[{"href":"https:\/\/finlandsbloggen.se\/index.php?rest_route=%2Fwp%2Fv2%2Fmedia&parent=412"}],"wp:term":[{"taxonomy":"category","embeddable":true,"href":"https:\/\/finlandsbloggen.se\/index.php?rest_route=%2Fwp%2Fv2%2Fcategories&post=412"},{"taxonomy":"post_tag","embeddable":true,"href":"https:\/\/finlandsbloggen.se\/index.php?rest_route=%2Fwp%2Fv2%2Ftags&post=412"}],"curies":[{"name":"wp","href":"https:\/\/api.w.org\/{rel}","templated":true}]}}