{"id":408,"date":"2013-10-25T06:18:56","date_gmt":"2013-10-25T06:18:56","guid":{"rendered":"http:\/\/finlandsbloggen.se\/?p=408"},"modified":"2013-10-25T06:18:56","modified_gmt":"2013-10-25T06:18:56","slug":"vaga-finska","status":"publish","type":"post","link":"https:\/\/finlandsbloggen.se\/?p=408","title":{"rendered":"V\u00e5ga finska"},"content":{"rendered":"<p>Svenska spr\u00e5kets st\u00e4llning i Finland uppm\u00e4rksammas ofta. Betydligt mer s\u00e4llan talas det om finska spr\u00e5kets motsvarande situation i Sverige, trots att Sverigefinnar \u00e4r den \u00f6verl\u00e4gset st\u00f6rsta minoriteten i v\u00e5rt land.<\/p>\n<p>Nu har Sveriges radio startat kampanjen <a href=\"http:\/\/sverigesradio.se\/sida\/artikel.aspx?programid=493&amp;artikel=5682104\" target=\"_blank\">V\u00e5ga finska<\/a>, som blivit mycket uppm\u00e4rksammad. Svenskar med finska som modersm\u00e5l uppmanas att skicka in sina egna spr\u00e5kber\u00e4ttelser, vilka har v\u00e4llt in. Dagens <a href=\"http:\/\/sverigesradio.se\/sida\/artikel.aspx?programid=1650&amp;artikel=5684536\" target=\"_blank\">P1 morgon<\/a> tog upp fenomenet.<\/p>\n<p>Lider Finlandsbloggen av selektiv varseblivning, eller b\u00f6rjar faktiskt den finl\u00e4ndska faktorn att f\u00e5 en h\u00f6gre prioritet i svensk media och \u00e4ven allm\u00e4nt i samh\u00e4llet?<\/p>\n<p>Det vore sp\u00e4nnande att h\u00f6ra om svensktalande i Finland och finsktalande i Sverige i samma reportage eller program, f\u00f6r att \u00e5sk\u00e5dligg\u00f6ra parallellerna. Eller hur?<\/p>\n","protected":false},"excerpt":{"rendered":"<p>Svenska spr\u00e5kets st\u00e4llning i Finland uppm\u00e4rksammas ofta. Betydligt mer s\u00e4llan talas det om finska spr\u00e5kets motsvarande situation i Sverige, trots att Sverigefinnar \u00e4r den \u00f6verl\u00e4gset st\u00f6rsta minoriteten i v\u00e5rt land. Nu har Sveriges radio startat kampanjen V\u00e5ga finska, som blivit &hellip; <a href=\"https:\/\/finlandsbloggen.se\/?p=408\">L\u00e4s mer <span class=\"meta-nav\">&rarr;<\/span><\/a><\/p>\n","protected":false},"author":1,"featured_media":0,"comment_status":"open","ping_status":"open","sticky":false,"template":"","format":"standard","meta":[],"categories":[1],"tags":[],"_links":{"self":[{"href":"https:\/\/finlandsbloggen.se\/index.php?rest_route=\/wp\/v2\/posts\/408"}],"collection":[{"href":"https:\/\/finlandsbloggen.se\/index.php?rest_route=\/wp\/v2\/posts"}],"about":[{"href":"https:\/\/finlandsbloggen.se\/index.php?rest_route=\/wp\/v2\/types\/post"}],"author":[{"embeddable":true,"href":"https:\/\/finlandsbloggen.se\/index.php?rest_route=\/wp\/v2\/users\/1"}],"replies":[{"embeddable":true,"href":"https:\/\/finlandsbloggen.se\/index.php?rest_route=%2Fwp%2Fv2%2Fcomments&post=408"}],"version-history":[{"count":1,"href":"https:\/\/finlandsbloggen.se\/index.php?rest_route=\/wp\/v2\/posts\/408\/revisions"}],"predecessor-version":[{"id":409,"href":"https:\/\/finlandsbloggen.se\/index.php?rest_route=\/wp\/v2\/posts\/408\/revisions\/409"}],"wp:attachment":[{"href":"https:\/\/finlandsbloggen.se\/index.php?rest_route=%2Fwp%2Fv2%2Fmedia&parent=408"}],"wp:term":[{"taxonomy":"category","embeddable":true,"href":"https:\/\/finlandsbloggen.se\/index.php?rest_route=%2Fwp%2Fv2%2Fcategories&post=408"},{"taxonomy":"post_tag","embeddable":true,"href":"https:\/\/finlandsbloggen.se\/index.php?rest_route=%2Fwp%2Fv2%2Ftags&post=408"}],"curies":[{"name":"wp","href":"https:\/\/api.w.org\/{rel}","templated":true}]}}