{"id":406,"date":"2013-10-25T06:06:08","date_gmt":"2013-10-25T06:06:08","guid":{"rendered":"http:\/\/finlandsbloggen.se\/?p=406"},"modified":"2013-10-25T06:06:08","modified_gmt":"2013-10-25T06:06:08","slug":"finland-ar-svenskt-nu-i-svt","status":"publish","type":"post","link":"https:\/\/finlandsbloggen.se\/?p=406","title":{"rendered":"Finland \u00e4r svenskt &#8211; nu i SVT"},"content":{"rendered":"<p>Finlandsbloggen har tidigare skrivit om den uppm\u00e4rksammade TV-serien &#8221;Finland \u00e4r svenskt&#8221;, som inte togs v\u00e4l emot av alla tittare i Finland.<\/p>\n<p>Nu s\u00e4nds <a href=\"http:\/\/www.svt.se\/finland-ar-svenskt\/\" target=\"_blank\">TV-serien \u00e4ntligen i SVT <\/a>&#8211; nu med svensk text.<\/p>\n<p>Ett program p\u00e5 det omv\u00e4nda temat &#8211; Sverige \u00e4r finskt &#8211; st\u00e5r fortfarande p\u00e5 Finlandsbloggens \u00f6nskelista. De m\u00e5nghundra\u00e5riga banden gick ju \u00e5t b\u00e5da h\u00e5llen.<\/p>\n","protected":false},"excerpt":{"rendered":"<p>Finlandsbloggen har tidigare skrivit om den uppm\u00e4rksammade TV-serien &#8221;Finland \u00e4r svenskt&#8221;, som inte togs v\u00e4l emot av alla tittare i Finland. Nu s\u00e4nds TV-serien \u00e4ntligen i SVT &#8211; nu med svensk text. Ett program p\u00e5 det omv\u00e4nda temat &#8211; Sverige &hellip; <a href=\"https:\/\/finlandsbloggen.se\/?p=406\">L\u00e4s mer <span class=\"meta-nav\">&rarr;<\/span><\/a><\/p>\n","protected":false},"author":1,"featured_media":0,"comment_status":"open","ping_status":"open","sticky":false,"template":"","format":"standard","meta":[],"categories":[1],"tags":[],"_links":{"self":[{"href":"https:\/\/finlandsbloggen.se\/index.php?rest_route=\/wp\/v2\/posts\/406"}],"collection":[{"href":"https:\/\/finlandsbloggen.se\/index.php?rest_route=\/wp\/v2\/posts"}],"about":[{"href":"https:\/\/finlandsbloggen.se\/index.php?rest_route=\/wp\/v2\/types\/post"}],"author":[{"embeddable":true,"href":"https:\/\/finlandsbloggen.se\/index.php?rest_route=\/wp\/v2\/users\/1"}],"replies":[{"embeddable":true,"href":"https:\/\/finlandsbloggen.se\/index.php?rest_route=%2Fwp%2Fv2%2Fcomments&post=406"}],"version-history":[{"count":1,"href":"https:\/\/finlandsbloggen.se\/index.php?rest_route=\/wp\/v2\/posts\/406\/revisions"}],"predecessor-version":[{"id":407,"href":"https:\/\/finlandsbloggen.se\/index.php?rest_route=\/wp\/v2\/posts\/406\/revisions\/407"}],"wp:attachment":[{"href":"https:\/\/finlandsbloggen.se\/index.php?rest_route=%2Fwp%2Fv2%2Fmedia&parent=406"}],"wp:term":[{"taxonomy":"category","embeddable":true,"href":"https:\/\/finlandsbloggen.se\/index.php?rest_route=%2Fwp%2Fv2%2Fcategories&post=406"},{"taxonomy":"post_tag","embeddable":true,"href":"https:\/\/finlandsbloggen.se\/index.php?rest_route=%2Fwp%2Fv2%2Ftags&post=406"}],"curies":[{"name":"wp","href":"https:\/\/api.w.org\/{rel}","templated":true}]}}