{"id":400,"date":"2013-10-25T06:00:07","date_gmt":"2013-10-25T06:00:07","guid":{"rendered":"http:\/\/finlandsbloggen.se\/?p=400"},"modified":"2013-10-25T06:20:31","modified_gmt":"2013-10-25T06:20:31","slug":"genklang-i-finland","status":"publish","type":"post","link":"https:\/\/finlandsbloggen.se\/?p=400","title":{"rendered":"Genklang i Finland"},"content":{"rendered":"<p>Sensommaren har g\u00e5tt \u00f6ver i h\u00f6st och den nyfikne kan h\u00e4r ta del av en artikel i Hufvudstadsbladet, som ber\u00e4ttar om Nya Sverige-jubileet p\u00e5 europeiska kulturarvsdagen &#8211; en dag d\u00e4r sommarv\u00e4dret gjorde \u00e5terbes\u00f6k.<\/p>\n<p>Firandet kunde genomf\u00f6ras tack var ett gott samarbete mellan Sj\u00f6fartsmuseet, Park- och naturf\u00f6rvaltningen i G\u00f6teborg, Gamla Majpojkars F\u00f6rbund, \u00c5bof\u00f6reningen i G\u00f6teborg samt Kulturminnesf\u00f6reningen Gathenhielm.<\/p>\n<p>GP-journalisten Britt-Marie Mattsson talade om arbetet med boken &#8221;Nya Sverige &#8211; dr\u00f6mmen om ett imperium&#8221;, som hennes far Algot Matsson publicerade inf\u00f6r 350-\u00e5rsjubileet 1988. Sj\u00e4lv var hon behj\u00e4lplig med research och ber\u00e4ttade om minnesv\u00e4rda m\u00f6ten i USA med stolta \u00e4ttlingar till 1600-talskolonisterna.<\/p>\n<p>Finlands honor\u00e4ra generalkonsul, Heli van der Valk, j\u00e4mf\u00f6rde 1600-talets finska kolonister i Nya Sverige med dem som s\u00f6kte sig fr\u00e5n Finland till Sverige under efterkrigstiden. Den r\u00f6da tr\u00e5den var att just finl\u00e4ndare anlitades f\u00f6r de kanske sv\u00e5raste och tyngsta uppdragen. Tacket uteblev inte s\u00e4llan, d\u00e5 som nu.<\/p>\n<div id=\"attachment_402\" style=\"width: 235px\" class=\"wp-caption alignleft\"><a href=\"http:\/\/media.finlandsbloggen.se\/2013\/10\/Finlands-generalkonsul-avtackades-med-bok-och-teddybj\u00f6rn.jpg\"><img aria-describedby=\"caption-attachment-402\" decoding=\"async\" loading=\"lazy\" class=\"size-medium wp-image-402\" title=\"Finlands generalkonsul Heli vad der Valk avtackades med bok och teddybj\u00f6rn\" src=\"http:\/\/media.finlandsbloggen.se\/2013\/10\/Finlands-generalkonsul-avtackades-med-bok-och-teddybj\u00f6rn-225x300.jpg\" alt=\"\" width=\"225\" height=\"300\" \/><\/a><p id=\"caption-attachment-402\" class=\"wp-caption-text\">Finlands generalkonsul Heli vander Valk avtackades av Sj\u00f6fartsmuseet med bok och flytv\u00e4stkl\u00e4dd teddybj\u00f6rn.<\/p><\/div>\n<p>&nbsp;<\/p>\n<p><a href=\"http:\/\/media.finlandsbloggen.se\/2013\/10\/Hufuvdstadsbladet-29-september.jpg\"><img decoding=\"async\" loading=\"lazy\" class=\"alignleft size-large wp-image-401\" title=\"Hufvudstadsbladet 29 sept 2013\" src=\"http:\/\/media.finlandsbloggen.se\/2013\/10\/Hufuvdstadsbladet-29-september-790x1024.jpg\" alt=\"\" width=\"584\" height=\"756\" \/><\/a>En tankev\u00e4ckande betraktelse, som tillsammans med milit\u00e4rhistorisk inramning och salut fr\u00e5n Gustav II Adolfs fotf\u00e4nika skapade ett mycket v\u00e4rdigt arrangemang. Programmet fortsatte inomhus, med guidningar och f\u00f6redrag p\u00e5 b\u00e5de svenska och finska.<\/p>\n","protected":false},"excerpt":{"rendered":"<p>Sensommaren har g\u00e5tt \u00f6ver i h\u00f6st och den nyfikne kan h\u00e4r ta del av en artikel i Hufvudstadsbladet, som ber\u00e4ttar om Nya Sverige-jubileet p\u00e5 europeiska kulturarvsdagen &#8211; en dag d\u00e4r sommarv\u00e4dret gjorde \u00e5terbes\u00f6k. Firandet kunde genomf\u00f6ras tack var ett gott &hellip; <a href=\"https:\/\/finlandsbloggen.se\/?p=400\">L\u00e4s mer <span class=\"meta-nav\">&rarr;<\/span><\/a><\/p>\n","protected":false},"author":1,"featured_media":0,"comment_status":"open","ping_status":"open","sticky":false,"template":"","format":"standard","meta":[],"categories":[1],"tags":[],"_links":{"self":[{"href":"https:\/\/finlandsbloggen.se\/index.php?rest_route=\/wp\/v2\/posts\/400"}],"collection":[{"href":"https:\/\/finlandsbloggen.se\/index.php?rest_route=\/wp\/v2\/posts"}],"about":[{"href":"https:\/\/finlandsbloggen.se\/index.php?rest_route=\/wp\/v2\/types\/post"}],"author":[{"embeddable":true,"href":"https:\/\/finlandsbloggen.se\/index.php?rest_route=\/wp\/v2\/users\/1"}],"replies":[{"embeddable":true,"href":"https:\/\/finlandsbloggen.se\/index.php?rest_route=%2Fwp%2Fv2%2Fcomments&post=400"}],"version-history":[{"count":3,"href":"https:\/\/finlandsbloggen.se\/index.php?rest_route=\/wp\/v2\/posts\/400\/revisions"}],"predecessor-version":[{"id":410,"href":"https:\/\/finlandsbloggen.se\/index.php?rest_route=\/wp\/v2\/posts\/400\/revisions\/410"}],"wp:attachment":[{"href":"https:\/\/finlandsbloggen.se\/index.php?rest_route=%2Fwp%2Fv2%2Fmedia&parent=400"}],"wp:term":[{"taxonomy":"category","embeddable":true,"href":"https:\/\/finlandsbloggen.se\/index.php?rest_route=%2Fwp%2Fv2%2Fcategories&post=400"},{"taxonomy":"post_tag","embeddable":true,"href":"https:\/\/finlandsbloggen.se\/index.php?rest_route=%2Fwp%2Fv2%2Ftags&post=400"}],"curies":[{"name":"wp","href":"https:\/\/api.w.org\/{rel}","templated":true}]}}