{"id":4,"date":"2011-11-28T13:26:34","date_gmt":"2011-11-28T13:26:34","guid":{"rendered":"http:\/\/finlandsbloggen.se\/?p=4"},"modified":"2011-11-28T13:26:34","modified_gmt":"2011-11-28T13:26:34","slug":"en-finsk-tagg-i-svenska-rumpan","status":"publish","type":"post","link":"https:\/\/finlandsbloggen.se\/?p=4","title":{"rendered":"En finsk tagg i svenska rumpan?"},"content":{"rendered":"<p>G\u00f6ran Skytte funderar \u00f6ver <a href=\"http:\/\/www.svd.se\/opinion\/ledarsidan\/en-finsk-tagg-i-svenska-rumpan_6666576.svd\">Sveriges f\u00f6rh\u00e5llande till det finlandssvenska<\/a>&#8230;<\/p>\n","protected":false},"excerpt":{"rendered":"<p>G\u00f6ran Skytte funderar \u00f6ver Sveriges f\u00f6rh\u00e5llande till det finlandssvenska&#8230;<\/p>\n","protected":false},"author":1,"featured_media":0,"comment_status":"open","ping_status":"open","sticky":false,"template":"","format":"standard","meta":[],"categories":[1],"tags":[],"_links":{"self":[{"href":"https:\/\/finlandsbloggen.se\/index.php?rest_route=\/wp\/v2\/posts\/4"}],"collection":[{"href":"https:\/\/finlandsbloggen.se\/index.php?rest_route=\/wp\/v2\/posts"}],"about":[{"href":"https:\/\/finlandsbloggen.se\/index.php?rest_route=\/wp\/v2\/types\/post"}],"author":[{"embeddable":true,"href":"https:\/\/finlandsbloggen.se\/index.php?rest_route=\/wp\/v2\/users\/1"}],"replies":[{"embeddable":true,"href":"https:\/\/finlandsbloggen.se\/index.php?rest_route=%2Fwp%2Fv2%2Fcomments&post=4"}],"version-history":[{"count":1,"href":"https:\/\/finlandsbloggen.se\/index.php?rest_route=\/wp\/v2\/posts\/4\/revisions"}],"predecessor-version":[{"id":5,"href":"https:\/\/finlandsbloggen.se\/index.php?rest_route=\/wp\/v2\/posts\/4\/revisions\/5"}],"wp:attachment":[{"href":"https:\/\/finlandsbloggen.se\/index.php?rest_route=%2Fwp%2Fv2%2Fmedia&parent=4"}],"wp:term":[{"taxonomy":"category","embeddable":true,"href":"https:\/\/finlandsbloggen.se\/index.php?rest_route=%2Fwp%2Fv2%2Fcategories&post=4"},{"taxonomy":"post_tag","embeddable":true,"href":"https:\/\/finlandsbloggen.se\/index.php?rest_route=%2Fwp%2Fv2%2Ftags&post=4"}],"curies":[{"name":"wp","href":"https:\/\/api.w.org\/{rel}","templated":true}]}}