{"id":395,"date":"2013-09-04T08:42:19","date_gmt":"2013-09-04T08:42:19","guid":{"rendered":"http:\/\/finlandsbloggen.se\/?p=395"},"modified":"2013-09-04T08:44:31","modified_gmt":"2013-09-04T08:44:31","slug":"europeiska-kulturarvsdagen-8-sept-nya-sverige-375-ar","status":"publish","type":"post","link":"https:\/\/finlandsbloggen.se\/?p=395","title":{"rendered":"Europeiska kulturarvsdagen 8 sept &#8211; Nya Sverige 375 \u00e5r"},"content":{"rendered":"<p><a href=\"http:\/\/media.finlandsbloggen.se\/2013\/09\/Pennsylvania_First_colonization_map.jpg\"><img decoding=\"async\" loading=\"lazy\" class=\"alignleft size-large wp-image-396\" title=\"Pennsylvania_First_colonization_map\" src=\"http:\/\/media.finlandsbloggen.se\/2013\/09\/Pennsylvania_First_colonization_map-1024x746.jpg\" alt=\"\" width=\"584\" height=\"425\" srcset=\"http:\/\/media.finlandsbloggen.se\/2013\/09\/Pennsylvania_First_colonization_map-1024x746.jpg 1024w, http:\/\/media.finlandsbloggen.se\/2013\/09\/Pennsylvania_First_colonization_map-300x218.jpg 300w, http:\/\/media.finlandsbloggen.se\/2013\/09\/Pennsylvania_First_colonization_map-411x300.jpg 411w\" sizes=\"(max-width: 584px) 100vw, 584px\" \/><\/a><\/p>\n<p>S\u00f6ndag 8 september &#8211; p\u00e5 europeiska kulturarvsdagen &#8211; uppm\u00e4rksammas Sveriges och Finlands koloniala \u00e4ventyr Nya Sverige, vilket Finlandsbloggen har <a href=\"http:\/\/finlandsbloggen.se\/?p=301\" target=\"_blank\">skrivit om tidigare<\/a>. I \u00e5r \u00e4r det 375 \u00e5r sedan svenska och finska nybyggare n\u00e5dde fram till den Nya V\u00e4rlden och grundade en kortvarig koloni.<\/p>\n<p>I Gamla Varvsparken, invid Sj\u00f6fartsmuseet i G\u00f6teborg, restes 1937 ett monument till minne av avresan till Amerika. Monumentets bronsplattor sk\u00e4nktes av Pennsylvanias guvern\u00f6r, George H. Earle.<\/p>\n<p>Kl 13.00 sker ett h\u00f6gtidligh\u00e5llande av detta gemensamma minne, talare \u00e4r journalisten Britt-Marie Mattsson samt Finlands generalkonsul Heli van der Valk.<\/p>\n<p>D\u00e4refter vidtar visningar av Sj\u00f6fartsmuseets samlingar, p\u00e5 svenska s\u00e5v\u00e4l som p\u00e5 finska. Hela programmet finns <a href=\"http:\/\/goteborg.se\/wps\/portal\/sjofartsm\/program\/!ut\/p\/b1\/vZPJrptAEEW_JR-A6G7mZTM3o81gho0FxmBjYxyMjeHrw5MivVX0skhe1aqkuro6ulV0TmeQEwDPcogR6JTOb8Xr3BTjub8V14855_eICVktVBngewELCK8RnmNtCDBcF7KPBc7eyshigKFLPCC2GUmRFwLfRH-nVwxssoIDgOgYHCDYjANpyzAAM1_pEzpNs7ejPNxGx_KGhQQY7ntBiXvp9uq0gy6cYrEZeQmgCriq66LxeTsMr7yzKW03w52vUw5mmSBLLkhKxhdVB1TucA2JlmzvieUq3AzyYazU9GepJHVbYwDGpqhrvlCz4hEQkiin42Ap6r3MwjOGVii8s6tlb5Mlx50P31VXNvf4Nyv4Q2HwFatF5821L9dYdmk2C2rvTipW9qeDNojV9OrDhVhhoXPn1CS1yrTRHT05z8_ncqntVyfPclMg5pAi_RBPitj0ou5qz7mxilhyWfdpF73ppe5GaOOIKPrdqEuhfRyLcBNo3f0Eb1J9fBYa1cLppe3nma_4IbZm_fL0Ca--y9OZMoWkK_CPH3S2wgifMGLEohVGsriNJiF_C-mITgG7D9v5TpbLErRgeo8tXsZhO0EAUKSaiRdfYDQa8KHKDmx3xAXi4g0hGJ3t5FabTbULYhnLUXptT18ZMt9syIP_bWh41voqseNxsuyt58N9N-F3Z8j_-ww9s--OdJdfdWemyiX97Gk94l-vWYCJ\/dl4\/d5\/L2dBISEvZ0FBIS9nQSEh\/\" target=\"_blank\">h\u00e4r!<\/a><\/p>\n<p>V\u00e4lkomna!<\/p>\n<p>&nbsp;<\/p>\n","protected":false},"excerpt":{"rendered":"<p>S\u00f6ndag 8 september &#8211; p\u00e5 europeiska kulturarvsdagen &#8211; uppm\u00e4rksammas Sveriges och Finlands koloniala \u00e4ventyr Nya Sverige, vilket Finlandsbloggen har skrivit om tidigare. I \u00e5r \u00e4r det 375 \u00e5r sedan svenska och finska nybyggare n\u00e5dde fram till den Nya V\u00e4rlden och &hellip; <a href=\"https:\/\/finlandsbloggen.se\/?p=395\">L\u00e4s mer <span class=\"meta-nav\">&rarr;<\/span><\/a><\/p>\n","protected":false},"author":1,"featured_media":0,"comment_status":"open","ping_status":"open","sticky":false,"template":"","format":"standard","meta":[],"categories":[1],"tags":[],"_links":{"self":[{"href":"https:\/\/finlandsbloggen.se\/index.php?rest_route=\/wp\/v2\/posts\/395"}],"collection":[{"href":"https:\/\/finlandsbloggen.se\/index.php?rest_route=\/wp\/v2\/posts"}],"about":[{"href":"https:\/\/finlandsbloggen.se\/index.php?rest_route=\/wp\/v2\/types\/post"}],"author":[{"embeddable":true,"href":"https:\/\/finlandsbloggen.se\/index.php?rest_route=\/wp\/v2\/users\/1"}],"replies":[{"embeddable":true,"href":"https:\/\/finlandsbloggen.se\/index.php?rest_route=%2Fwp%2Fv2%2Fcomments&post=395"}],"version-history":[{"count":3,"href":"https:\/\/finlandsbloggen.se\/index.php?rest_route=\/wp\/v2\/posts\/395\/revisions"}],"predecessor-version":[{"id":398,"href":"https:\/\/finlandsbloggen.se\/index.php?rest_route=\/wp\/v2\/posts\/395\/revisions\/398"}],"wp:attachment":[{"href":"https:\/\/finlandsbloggen.se\/index.php?rest_route=%2Fwp%2Fv2%2Fmedia&parent=395"}],"wp:term":[{"taxonomy":"category","embeddable":true,"href":"https:\/\/finlandsbloggen.se\/index.php?rest_route=%2Fwp%2Fv2%2Fcategories&post=395"},{"taxonomy":"post_tag","embeddable":true,"href":"https:\/\/finlandsbloggen.se\/index.php?rest_route=%2Fwp%2Fv2%2Ftags&post=395"}],"curies":[{"name":"wp","href":"https:\/\/api.w.org\/{rel}","templated":true}]}}