{"id":372,"date":"2013-04-20T22:03:55","date_gmt":"2013-04-20T22:03:55","guid":{"rendered":"http:\/\/finlandsbloggen.se\/?p=372"},"modified":"2013-04-21T06:46:47","modified_gmt":"2013-04-21T06:46:47","slug":"aboforeningens-arsmote-alla-talar-svenska","status":"publish","type":"post","link":"https:\/\/finlandsbloggen.se\/?p=372","title":{"rendered":"\u00c5bof\u00f6reningens \u00e5rsm\u00f6te: alla talar svenska"},"content":{"rendered":"<p>Om ni inte redan har l\u00e4st det i\u00a0<a href=\"http:\/\/www.abounderrattelser.fi\/news\/2013\/04\/jarlert-leder-aboforening-i-goteborg.html\" target=\"_blank\">\u00c5bo Underr\u00e4ttelser<\/a>\u00a0(Finlands \u00e4ldsta dagstidning), s\u00e5\u00a0blev prof. Anders Jarlert omvald som ordf\u00f6rande i \u00c5bof\u00f6reningen i G\u00f6teborg i samband med \u00e5rsm\u00f6tet den 14 april.<\/p>\n<p>Carl-Bertil Tauler fr\u00e5n \u00c5bo nyvaldes till styrelsen och \u00e4r nu \u00c5bof\u00f6reningens sekreterare. I anslutning till m\u00f6tet gav han ocks\u00e5 en \u00f6gonblicksbild av situationen f\u00f6r svenska spr\u00e5ket i Finland. Den historieintresserade kan f\u00f6r \u00f6vrigt l\u00e4sa <a href=\"http:\/\/finnpro2000.tripod.com\/Fstallning.htm\" target=\"_blank\">h\u00e4r<\/a> om finska spr\u00e5kets st\u00e4llning i Sverige under riksgemenskapens tid.<\/p>\n<div style=\"width: 310px\" class=\"wp-caption alignnone\"><a href=\"http:\/\/media.finlandsbloggen.se\/2013\/04\/Carl-Bertil-Tauler-talar.jpg\"><img decoding=\"async\" loading=\"lazy\" title=\"Carl Bertil Tauler talar\" src=\"http:\/\/media.finlandsbloggen.se\/2013\/04\/Carl-Bertil-Tauler-talar-300x224.jpg\" alt=\"\" width=\"300\" height=\"224\" \/><\/a><p class=\"wp-caption-text\">Carl-Bertil Tauler gav en uppdatering om svenska spr\u00e5kets st\u00e4llning i Finland.<\/p><\/div>\n<p>En intressant referenspunkt \u00e4r svenskarnas ointresse f\u00f6r att l\u00e4ra sig <a href=\"http:\/\/www.svd.se\/opinion\/brannpunkt\/mycket-att-forlora-nar-tyska-spraket-valjs-bort_8082830.svd\" target=\"_blank\">tyska<\/a>. Tyskland \u00e4r ett n\u00e4ra grannland, den enskilt viktigaste handelspartnern f\u00f6r Sverige och det \u00e4r inte sv\u00e5rt att inse f\u00f6rdelarna med att kunna tyska.<\/p>\n<p>\u00c4ven historiskt har tyska varit oerh\u00f6rt viktig f\u00f6r Sverige; under \u00e5rhundraden var tyska det prim\u00e4ra handelsspr\u00e5ket och svenska spr\u00e5ket inneh\u00e5ller m\u00e4ngder av tyska l\u00e5neord. G\u00f6teborgs stadsprivilegier \u00e4r skrivna p\u00e5 tyska (inte svenska!) och Sverige hade l\u00e4nge en tysktalande andel av befolkningen.<\/p>\n<p>Genom att beh\u00e4rska tyska kan man ocks\u00e5 ta del av en kultur som omfattar mer \u00e4n hundra miljoner m\u00e4nniskor. Oaktat alla dessa faktorer sjunker \u00e4nd\u00e5 intresset stadigt bland svenskarna f\u00f6r att l\u00e4ra sig tyska.<\/p>\n<p>Orsaken kanske stavas globalisering &#8211; spanska och kinesiska \u00e4r p\u00e5 uppg\u00e5ng bland skoleleverna, trots st\u00f6rre avst\u00e5nd och att vi inte har n\u00e5gon gemensam historia.<\/p>\n<p>Auf wiedersehen.<\/p>\n","protected":false},"excerpt":{"rendered":"<p>Om ni inte redan har l\u00e4st det i\u00a0\u00c5bo Underr\u00e4ttelser\u00a0(Finlands \u00e4ldsta dagstidning), s\u00e5\u00a0blev prof. Anders Jarlert omvald som ordf\u00f6rande i \u00c5bof\u00f6reningen i G\u00f6teborg i samband med \u00e5rsm\u00f6tet den 14 april. Carl-Bertil Tauler fr\u00e5n \u00c5bo nyvaldes till styrelsen och \u00e4r nu \u00c5bof\u00f6reningens &hellip; <a href=\"https:\/\/finlandsbloggen.se\/?p=372\">L\u00e4s mer <span class=\"meta-nav\">&rarr;<\/span><\/a><\/p>\n","protected":false},"author":1,"featured_media":0,"comment_status":"open","ping_status":"open","sticky":false,"template":"","format":"standard","meta":[],"categories":[5],"tags":[],"_links":{"self":[{"href":"https:\/\/finlandsbloggen.se\/index.php?rest_route=\/wp\/v2\/posts\/372"}],"collection":[{"href":"https:\/\/finlandsbloggen.se\/index.php?rest_route=\/wp\/v2\/posts"}],"about":[{"href":"https:\/\/finlandsbloggen.se\/index.php?rest_route=\/wp\/v2\/types\/post"}],"author":[{"embeddable":true,"href":"https:\/\/finlandsbloggen.se\/index.php?rest_route=\/wp\/v2\/users\/1"}],"replies":[{"embeddable":true,"href":"https:\/\/finlandsbloggen.se\/index.php?rest_route=%2Fwp%2Fv2%2Fcomments&post=372"}],"version-history":[{"count":2,"href":"https:\/\/finlandsbloggen.se\/index.php?rest_route=\/wp\/v2\/posts\/372\/revisions"}],"predecessor-version":[{"id":375,"href":"https:\/\/finlandsbloggen.se\/index.php?rest_route=\/wp\/v2\/posts\/372\/revisions\/375"}],"wp:attachment":[{"href":"https:\/\/finlandsbloggen.se\/index.php?rest_route=%2Fwp%2Fv2%2Fmedia&parent=372"}],"wp:term":[{"taxonomy":"category","embeddable":true,"href":"https:\/\/finlandsbloggen.se\/index.php?rest_route=%2Fwp%2Fv2%2Fcategories&post=372"},{"taxonomy":"post_tag","embeddable":true,"href":"https:\/\/finlandsbloggen.se\/index.php?rest_route=%2Fwp%2Fv2%2Ftags&post=372"}],"curies":[{"name":"wp","href":"https:\/\/api.w.org\/{rel}","templated":true}]}}