{"id":356,"date":"2013-02-11T12:06:04","date_gmt":"2013-02-11T12:06:04","guid":{"rendered":"http:\/\/finlandsbloggen.se\/?p=356"},"modified":"2013-03-02T19:43:07","modified_gmt":"2013-03-02T19:43:07","slug":"finland-ar-svenskt-sverige-ar-finskt","status":"publish","type":"post","link":"https:\/\/finlandsbloggen.se\/?p=356","title":{"rendered":"Finland \u00e4r svenskt &#8211; Sverige \u00e4r finskt"},"content":{"rendered":"<p>En aktuell <a href=\"http:\/\/svenska.yle.fi\/artikel\/2013\/01\/25\/finland-ar-svenskt-med-svensk-textning\">TV-serie i tio delar<\/a> om Sveriges inflytande p\u00e5 Finlands historia har lett till delade meningar om bakgrunden till dagens Finland. Avsnitten l\u00e4ggs efter hand ut p\u00e5 <a href=\"http:\/\/svenska.yle.fi\/artikel\/2013\/01\/20\/finland-ar-svenskt-del-2\" target=\"_blank\">YLE:s hemsida<\/a> med svensk text.<\/p>\n<p>En motsvarande TV-serie om vilket inflytande Finland haft p\u00e5 Sverige skulle vara synnerligen intressant. 2009 producerades den lilla YouTube-serien &#8221;<a href=\"http:\/\/www.youtube.com\/watch?v=ttU3nQREjRY&amp;feature=related\" target=\"_blank\">Finska avtryck i Majorna<\/a>&#8221;, hade det inte varit sp\u00e4nnande med en satsning i landsomfattande skala? S\u00e5v\u00e4l svenskar som finl\u00e4ndare missar ofta det faktum att riksbildningen skedde <strong>samtidigt<\/strong>, Sverige och Finland v\u00e4xte fram som siamesiska tvillingar under medeltiden. Innan fanns ingen centralmakt och d\u00e4rmed ingen stat. Ibland r\u00e4knas Finlands historia endast fr\u00e5n \u00e5r 1809 &#8211; men samma \u00e5r f\u00f6ddes ocks\u00e5 det enspr\u00e5kigt svenska Sverige. N\u00e5got s\u00e5dant hade inte funnits tidigare.<\/p>\n<p><a href=\"http:\/\/www.svd.se\/nyheter\/utrikes\/sveriges-paverkan-i-finland-en-kanslig-fraga_7902276.svd\" target=\"_blank\">Svenska Dagbladet<\/a>\u00a0skriver om den debatt, som f\u00f6ljt i TV-seriens sp\u00e5r. Programledaren Juhani Sepp\u00e4nen har tvingats skaffa hemligt telefonnummer, p\u00e5 grund av otrevliga \u00e5sikter. Trist. Finlandsbloggen.se skriver om Finland f\u00f6r svenskar, i syfte att v\u00e4cka ett positivt intresse med utg\u00e5ngspunkt fr\u00e5n allt som v\u00e5ra l\u00e4nder har gemensamt. Det vore kul om n\u00e5gon ville blogga om Sverige p\u00e5 motsvarande s\u00e4tt i Finland.<\/p>\n<p>Vi lovar att l\u00e4nka.<\/p>\n","protected":false},"excerpt":{"rendered":"<p>En aktuell TV-serie i tio delar om Sveriges inflytande p\u00e5 Finlands historia har lett till delade meningar om bakgrunden till dagens Finland. Avsnitten l\u00e4ggs efter hand ut p\u00e5 YLE:s hemsida med svensk text. En motsvarande TV-serie om vilket inflytande Finland &hellip; <a href=\"https:\/\/finlandsbloggen.se\/?p=356\">L\u00e4s mer <span class=\"meta-nav\">&rarr;<\/span><\/a><\/p>\n","protected":false},"author":1,"featured_media":0,"comment_status":"open","ping_status":"open","sticky":false,"template":"","format":"standard","meta":[],"categories":[1],"tags":[],"_links":{"self":[{"href":"https:\/\/finlandsbloggen.se\/index.php?rest_route=\/wp\/v2\/posts\/356"}],"collection":[{"href":"https:\/\/finlandsbloggen.se\/index.php?rest_route=\/wp\/v2\/posts"}],"about":[{"href":"https:\/\/finlandsbloggen.se\/index.php?rest_route=\/wp\/v2\/types\/post"}],"author":[{"embeddable":true,"href":"https:\/\/finlandsbloggen.se\/index.php?rest_route=\/wp\/v2\/users\/1"}],"replies":[{"embeddable":true,"href":"https:\/\/finlandsbloggen.se\/index.php?rest_route=%2Fwp%2Fv2%2Fcomments&post=356"}],"version-history":[{"count":4,"href":"https:\/\/finlandsbloggen.se\/index.php?rest_route=\/wp\/v2\/posts\/356\/revisions"}],"predecessor-version":[{"id":368,"href":"https:\/\/finlandsbloggen.se\/index.php?rest_route=\/wp\/v2\/posts\/356\/revisions\/368"}],"wp:attachment":[{"href":"https:\/\/finlandsbloggen.se\/index.php?rest_route=%2Fwp%2Fv2%2Fmedia&parent=356"}],"wp:term":[{"taxonomy":"category","embeddable":true,"href":"https:\/\/finlandsbloggen.se\/index.php?rest_route=%2Fwp%2Fv2%2Fcategories&post=356"},{"taxonomy":"post_tag","embeddable":true,"href":"https:\/\/finlandsbloggen.se\/index.php?rest_route=%2Fwp%2Fv2%2Ftags&post=356"}],"curies":[{"name":"wp","href":"https:\/\/api.w.org\/{rel}","templated":true}]}}