{"id":343,"date":"2013-01-08T21:18:59","date_gmt":"2013-01-08T21:18:59","guid":{"rendered":"http:\/\/finlandsbloggen.se\/?p=343"},"modified":"2013-01-08T21:18:59","modified_gmt":"2013-01-08T21:18:59","slug":"presidenten-vill-sanka-sin-lon","status":"publish","type":"post","link":"https:\/\/finlandsbloggen.se\/?p=343","title":{"rendered":"Presidenten vill s\u00e4nka sin l\u00f6n"},"content":{"rendered":"<p>Finlands president Sauli Niinist\u00f6 tycker att hans l\u00f6n \u00e4r f\u00f6r h\u00f6g, med tanke p\u00e5 den ekonomiska krisen. D\u00e4rf\u00f6r har han skickat ett brev till statsminister Jyrki Katainen, med \u00f6nskem\u00e5l om att presidentens skattefria l\u00f6n s\u00e4nks fr\u00e5n 160 000 euro till 126 000 euro.<\/p>\n<p>&#8221;Var och en enligt rimlighet &#8211; s\u00e5 har vi l\u00e4rt oss delta i l\u00f6sandet av gemensamma sv\u00e5righeter&#8221;, skriver presidenten<a href=\"http:\/\/hbl.fi\/nyheter\/2013-01-02\/president-niinisto-vill-sanka-sitt-eget-arvode\" target=\"_blank\"> i sitt brev<\/a>.<\/p>\n<p>S\u00e5 b\u00f6rjar \u00e5ret 2013.<\/p>\n","protected":false},"excerpt":{"rendered":"<p>Finlands president Sauli Niinist\u00f6 tycker att hans l\u00f6n \u00e4r f\u00f6r h\u00f6g, med tanke p\u00e5 den ekonomiska krisen. D\u00e4rf\u00f6r har han skickat ett brev till statsminister Jyrki Katainen, med \u00f6nskem\u00e5l om att presidentens skattefria l\u00f6n s\u00e4nks fr\u00e5n 160 000 euro till &hellip; <a href=\"https:\/\/finlandsbloggen.se\/?p=343\">L\u00e4s mer <span class=\"meta-nav\">&rarr;<\/span><\/a><\/p>\n","protected":false},"author":1,"featured_media":0,"comment_status":"open","ping_status":"open","sticky":false,"template":"","format":"standard","meta":[],"categories":[1],"tags":[],"_links":{"self":[{"href":"https:\/\/finlandsbloggen.se\/index.php?rest_route=\/wp\/v2\/posts\/343"}],"collection":[{"href":"https:\/\/finlandsbloggen.se\/index.php?rest_route=\/wp\/v2\/posts"}],"about":[{"href":"https:\/\/finlandsbloggen.se\/index.php?rest_route=\/wp\/v2\/types\/post"}],"author":[{"embeddable":true,"href":"https:\/\/finlandsbloggen.se\/index.php?rest_route=\/wp\/v2\/users\/1"}],"replies":[{"embeddable":true,"href":"https:\/\/finlandsbloggen.se\/index.php?rest_route=%2Fwp%2Fv2%2Fcomments&post=343"}],"version-history":[{"count":1,"href":"https:\/\/finlandsbloggen.se\/index.php?rest_route=\/wp\/v2\/posts\/343\/revisions"}],"predecessor-version":[{"id":344,"href":"https:\/\/finlandsbloggen.se\/index.php?rest_route=\/wp\/v2\/posts\/343\/revisions\/344"}],"wp:attachment":[{"href":"https:\/\/finlandsbloggen.se\/index.php?rest_route=%2Fwp%2Fv2%2Fmedia&parent=343"}],"wp:term":[{"taxonomy":"category","embeddable":true,"href":"https:\/\/finlandsbloggen.se\/index.php?rest_route=%2Fwp%2Fv2%2Fcategories&post=343"},{"taxonomy":"post_tag","embeddable":true,"href":"https:\/\/finlandsbloggen.se\/index.php?rest_route=%2Fwp%2Fv2%2Ftags&post=343"}],"curies":[{"name":"wp","href":"https:\/\/api.w.org\/{rel}","templated":true}]}}