{"id":313,"date":"2012-12-06T22:16:00","date_gmt":"2012-12-06T22:16:00","guid":{"rendered":"http:\/\/finlandsbloggen.se\/?p=313"},"modified":"2012-12-07T09:30:22","modified_gmt":"2012-12-07T09:30:22","slug":"finlands-sjalvstandighetsdag","status":"publish","type":"post","link":"https:\/\/finlandsbloggen.se\/?p=313","title":{"rendered":"Finlands sj\u00e4lvst\u00e4ndighetsdag!"},"content":{"rendered":"<p>Finlands generalkonsul hade bjudit in till festligt firande av Finlands sj\u00e4lvst\u00e4ndighetsdag, vilket \u00e4gde rum i den vackra aulan i G\u00f6teborgs Universitet. L\u00e4mpligt nog var temat konst &amp; design i vardagen, vilket \u00e4r aktuellt med tanke p\u00e5 att Helsingfors \u00e4r designhuvudstad i \u00e5r (World Design Capital).<\/p>\n<div id=\"attachment_314\" style=\"width: 234px\" class=\"wp-caption alignleft\"><a href=\"http:\/\/media.finlandsbloggen.se\/2012\/12\/Inventering-av-Mammal\u00e5dan.jpg\"><img aria-describedby=\"caption-attachment-314\" decoding=\"async\" loading=\"lazy\" class=\"size-medium wp-image-314 \" title=\"Inventering av Mammal\u00e5dan\" src=\"http:\/\/media.finlandsbloggen.se\/2012\/12\/Inventering-av-Mammal\u00e5dan-224x300.jpg\" alt=\"\" width=\"224\" height=\"300\" srcset=\"http:\/\/media.finlandsbloggen.se\/2012\/12\/Inventering-av-Mammal\u00e5dan-224x300.jpg 224w, http:\/\/media.finlandsbloggen.se\/2012\/12\/Inventering-av-Mammal\u00e5dan-764x1024.jpg 764w, http:\/\/media.finlandsbloggen.se\/2012\/12\/Inventering-av-Mammal\u00e5dan.jpg 968w\" sizes=\"(max-width: 224px) 100vw, 224px\" \/><\/a><p id=\"caption-attachment-314\" class=\"wp-caption-text\">Inventering av Mammal\u00e5dan under ledning av Finlands honor\u00e4ra generalkonsul Heli van der Valk<\/p><\/div>\n<p>Katarina Siltavuori fr\u00e5n <a href=\"http:\/\/wdchelsinki2012.fi\/en\" target=\"_blank\">WDC Helsinki 2012<\/a> visade ett intressant bildspel om vad som f\u00f6revarit under \u00e5ret, och vad v\u00e4rdskapet hade betytt f\u00f6r Helsingfors.<\/p>\n<p><a href=\"http:\/\/www.designmuseum.se\/museichef.htm\" target=\"_blank\">Ted Hesselbom fr\u00e5n R\u00f6hsska museet<\/a> i G\u00f6teborg var mycket glad \u00f6ver att designhuvudstads\u00e5ret hade inneburit en m\u00f6jlighet f\u00f6r en utst\u00e4llning med de senaste fem \u00e5rens <a href=\"http:\/\/www.designmuseum.se\/soderbe.htm\" target=\"_blank\">nordiska designpristagare<\/a>. Ted Hesselbom beskrev sj\u00e4lv Helsingfors som en blandning av Stockholm, Malm\u00f6 och G\u00f6teborg &#8211; fast annorlunda. Han satte ocks\u00e5 fingret p\u00e5 en sp\u00e4nnande likhet mellan Finland och Sverige, n\u00e4mligen de samiska och romska minoriteterna, vilka har lika gamla anor i b\u00e5da l\u00e4nderna.<\/p>\n<p>Finlands honor\u00e4ra generalkonsul, Heli van der Valk, svarade f\u00f6r kv\u00e4llens kupp. Hon ber\u00e4ttade nostalgiskt om &#8221;Mammal\u00e5dan&#8221;, en praktisk finl\u00e4ndsk uppfinning fr\u00e5n 1938, som \u00e4r en kraftig pappl\u00e5da inneh\u00e5llande allt en nybliven f\u00f6r\u00e4lder beh\u00f6ver: t\u00e4cke, b\u00e4ddmadrass, barnkl\u00e4der, nappar o s v. Ett veritabelt IKEA f\u00f6r en nyf\u00f6dd, sj\u00e4lva l\u00e5dan ocks\u00e5 kan anv\u00e4ndas som f\u00f6rsta s\u00e4ng \u00e5t barnet. F\u00f6rr var l\u00e5dan avsedd f\u00f6r s\u00e4rskilt beh\u00f6vande, men idag \u00e4r det en generell v\u00e4lf\u00e4rdsf\u00f6rm\u00e5n, som de flesta f\u00f6r\u00e4ldrar v\u00e4ljer, alternativet \u00e4r ett skattefritt (och betydligt tr\u00e5kigare) kontantbidrag p\u00e5 140 euro. Mammal\u00e5dan \u00e4r b\u00e5de proaktiv och preventiv &#8211; bland inneh\u00e5llet kan man ocks\u00e5 hitta kondomer&#8230;<\/p>\n<div id=\"attachment_315\" style=\"width: 310px\" class=\"wp-caption alignleft\"><a href=\"http:\/\/media.finlandsbloggen.se\/2012\/12\/bild-25.jpg\"><img aria-describedby=\"caption-attachment-315\" decoding=\"async\" loading=\"lazy\" class=\"size-medium wp-image-315 \" title=\"Nydesignad Mammal\u00e5da\" src=\"http:\/\/media.finlandsbloggen.se\/2012\/12\/bild-25-300x224.jpg\" alt=\"\" width=\"300\" height=\"224\" srcset=\"http:\/\/media.finlandsbloggen.se\/2012\/12\/bild-25-300x224.jpg 300w, http:\/\/media.finlandsbloggen.se\/2012\/12\/bild-25-1024x764.jpg 1024w, http:\/\/media.finlandsbloggen.se\/2012\/12\/bild-25-401x300.jpg 401w, http:\/\/media.finlandsbloggen.se\/2012\/12\/bild-25.jpg 1296w\" sizes=\"(max-width: 300px) 100vw, 300px\" \/><\/a><p id=\"caption-attachment-315\" class=\"wp-caption-text\">Mammal\u00e5dan i n\u00e4rbild, notera designmotivet &quot;sl\u00e4kttr\u00e4d&quot; p\u00e5 locket.<\/p><\/div>\n<p>Heli van der Valk hade lyckats l\u00e4gga vantarna p\u00e5 en helt nydesignad mammal\u00e5da, f\u00e4rsk fr\u00e5n oktober och en produkt av designhuvudstads\u00e5ret. Naturligvis tyckte hon, inf\u00f6r auditoriet, att R\u00f6hsska museet (Sveriges enda designmuseum) skulle st\u00e4lla ut Mammal\u00e5dan till allm\u00e4n besk\u00e5dan. Ted Hesselbom kunde inte annat \u00e4n acceptera, men det verkade knappast vara s\u00e4rskilt motvilligt.<\/p>\n<div id=\"attachment_316\" style=\"width: 310px\" class=\"wp-caption alignleft\"><a href=\"http:\/\/media.finlandsbloggen.se\/2012\/12\/bild-26.jpg\"><img aria-describedby=\"caption-attachment-316\" decoding=\"async\" loading=\"lazy\" class=\"size-medium wp-image-316\" title=\"Minglande g\u00e4ster\" src=\"http:\/\/media.finlandsbloggen.se\/2012\/12\/bild-26-300x224.jpg\" alt=\"\" width=\"300\" height=\"224\" srcset=\"http:\/\/media.finlandsbloggen.se\/2012\/12\/bild-26-300x224.jpg 300w, http:\/\/media.finlandsbloggen.se\/2012\/12\/bild-26-1024x764.jpg 1024w, http:\/\/media.finlandsbloggen.se\/2012\/12\/bild-26-401x300.jpg 401w, http:\/\/media.finlandsbloggen.se\/2012\/12\/bild-26.jpg 1296w\" sizes=\"(max-width: 300px) 100vw, 300px\" \/><\/a><p id=\"caption-attachment-316\" class=\"wp-caption-text\">Universitetets entr\u00e9hall lockade med champagne och snittar<\/p><\/div>\n<p>F\u00f6redragen f\u00f6ljdes av familj\u00e4rt mingel och sorl i den pampiga universitetsbyggnaden. Finkl\u00e4dda m\u00e4nniskor, vackra medaljer och snittar med smak av Finland &#8211; mycket trevligt! Vad \u00e4r v\u00e4l en bal p\u00e5 slottet&#8230;<\/p>\n<div id=\"attachment_317\" style=\"width: 360px\" class=\"wp-caption alignleft\"><a href=\"http:\/\/media.finlandsbloggen.se\/2012\/12\/bild-29.jpg\"><img aria-describedby=\"caption-attachment-317\" decoding=\"async\" loading=\"lazy\" class=\"size-large wp-image-317 \" title=\"Medaljprydda veteraner\" src=\"http:\/\/media.finlandsbloggen.se\/2012\/12\/bild-29-764x1024.jpg\" alt=\"\" width=\"350\" height=\"469\" \/><\/a><p id=\"caption-attachment-317\" class=\"wp-caption-text\">Medaljbeh\u00e4ngda krigsveteraner svarade f\u00f6r kv\u00e4llens f\u00f6rn\u00e4mligaste bling-bling<\/p><\/div>\n<p>Och ute var det minus tio grader, som en fl\u00e4kt av v\u00e5rt \u00f6stra broderland. S\u00e5g jag inte en bj\u00f6rn p\u00e5 v\u00e4gen hem?<\/p>\n<p>&nbsp;<\/p>\n<p>&nbsp;<\/p>\n<p>&nbsp;<\/p>\n<p>&nbsp;<\/p>\n","protected":false},"excerpt":{"rendered":"<p>Finlands generalkonsul hade bjudit in till festligt firande av Finlands sj\u00e4lvst\u00e4ndighetsdag, vilket \u00e4gde rum i den vackra aulan i G\u00f6teborgs Universitet. L\u00e4mpligt nog var temat konst &amp; design i vardagen, vilket \u00e4r aktuellt med tanke p\u00e5 att Helsingfors \u00e4r designhuvudstad &hellip; <a href=\"https:\/\/finlandsbloggen.se\/?p=313\">L\u00e4s mer <span class=\"meta-nav\">&rarr;<\/span><\/a><\/p>\n","protected":false},"author":1,"featured_media":0,"comment_status":"open","ping_status":"open","sticky":false,"template":"","format":"standard","meta":[],"categories":[1],"tags":[],"_links":{"self":[{"href":"https:\/\/finlandsbloggen.se\/index.php?rest_route=\/wp\/v2\/posts\/313"}],"collection":[{"href":"https:\/\/finlandsbloggen.se\/index.php?rest_route=\/wp\/v2\/posts"}],"about":[{"href":"https:\/\/finlandsbloggen.se\/index.php?rest_route=\/wp\/v2\/types\/post"}],"author":[{"embeddable":true,"href":"https:\/\/finlandsbloggen.se\/index.php?rest_route=\/wp\/v2\/users\/1"}],"replies":[{"embeddable":true,"href":"https:\/\/finlandsbloggen.se\/index.php?rest_route=%2Fwp%2Fv2%2Fcomments&post=313"}],"version-history":[{"count":5,"href":"https:\/\/finlandsbloggen.se\/index.php?rest_route=\/wp\/v2\/posts\/313\/revisions"}],"predecessor-version":[{"id":325,"href":"https:\/\/finlandsbloggen.se\/index.php?rest_route=\/wp\/v2\/posts\/313\/revisions\/325"}],"wp:attachment":[{"href":"https:\/\/finlandsbloggen.se\/index.php?rest_route=%2Fwp%2Fv2%2Fmedia&parent=313"}],"wp:term":[{"taxonomy":"category","embeddable":true,"href":"https:\/\/finlandsbloggen.se\/index.php?rest_route=%2Fwp%2Fv2%2Fcategories&post=313"},{"taxonomy":"post_tag","embeddable":true,"href":"https:\/\/finlandsbloggen.se\/index.php?rest_route=%2Fwp%2Fv2%2Ftags&post=313"}],"curies":[{"name":"wp","href":"https:\/\/api.w.org\/{rel}","templated":true}]}}