{"id":3,"date":"2011-11-28T12:51:25","date_gmt":"2011-11-28T12:51:25","guid":{"rendered":"http:\/\/finlandsbloggen.se\/?p=3"},"modified":"2011-12-02T08:24:19","modified_gmt":"2011-12-02T08:24:19","slug":"valkommen-till-finlandsbloggen","status":"publish","type":"post","link":"https:\/\/finlandsbloggen.se\/?p=3","title":{"rendered":"Premi\u00e4r f\u00f6r Finlandsbloggen!"},"content":{"rendered":"<p>Finland, som under sex \u00e5rhundraden utgjorde Sveriges <a href=\"http:\/\/www.markesaret1809.se\/\">\u00f6stra rikshalva<\/a>, \u00e4r f\u00f6r m\u00e5nga svenskar n\u00e4stan ett ok\u00e4nt land. Denna bekl\u00e4mmande okunskap m\u00e5ste vi \u00e4ndra p\u00e5, i synnerhet som Finland &#8211; v\u00e5r granne &#8211; \u00e4r v\u00e4rldens enda land d\u00e4r <a href=\"http:\/\/www.infopankki.fi\/sv-FI\/Sprakundervisning\/\">svenska \u00e4r officiellt spr\u00e5k<\/a>.<\/p>\n<p>Men Sverige d\u00e5? Nja, i Sverige \u00e4r svenska sedan 2009 landets<a href=\"http:\/\/www.riksdagen.se\/webbnav\/index.aspx?nid=3911&amp;bet=2009:600\"> huvudspr\u00e5k<\/a>, officiellt spr\u00e5k \u00e4r det endast i internationella sammanhang \u2013 vad det nu skall vara bra f\u00f6r. Man beh\u00f6ver nog vara svensk f\u00f6r att riktigt f\u00f6rst\u00e5 den svenska spr\u00e5klagen&#8230; N\u00e4sta dj\u00e4rva steg verkar vara att <a href=\"http:\/\/www.riksdagen.se\/webbnav\/?nid=410&amp;dokid=GZ020&amp;sourceid=%7BD2C09405-88F6-4F2D-AFD8-D1DB394691BF%7D\">riksdagen skall fastst\u00e4lla<\/a> Du gamla, du fria som Sveriges officiella nationals\u00e5ng, \u00e4ven om den fungerat som s\u00e5dan sedan 1866. Liknande motioner har tidigare <a href=\"http:\/\/www.faktoider.nu\/dugamla.html\">avslagits<\/a>.<\/p>\n<p>Genom den svenska spr\u00e5klagen fick emellertid ocks\u00e5 finska spr\u00e5ket \u00e4ntligen en framskjuten st\u00e4llning i Sverige. Men Finland \u00e4r fortsatt v\u00e4rldens enda land d\u00e4r svenska spr\u00e5ket \u00e4r grundlagsskyddat som officiellt spr\u00e5k.<\/p>\n<p>V\u00e4lkommen till Finlandsbloggen!<\/p>\n","protected":false},"excerpt":{"rendered":"<p>Finland, som under sex \u00e5rhundraden utgjorde Sveriges \u00f6stra rikshalva, \u00e4r f\u00f6r m\u00e5nga svenskar n\u00e4stan ett ok\u00e4nt land. Denna bekl\u00e4mmande okunskap m\u00e5ste vi \u00e4ndra p\u00e5, i synnerhet som Finland &#8211; v\u00e5r granne &#8211; \u00e4r v\u00e4rldens enda land d\u00e4r svenska \u00e4r officiellt &hellip; <a href=\"https:\/\/finlandsbloggen.se\/?p=3\">L\u00e4s mer <span class=\"meta-nav\">&rarr;<\/span><\/a><\/p>\n","protected":false},"author":1,"featured_media":0,"comment_status":"open","ping_status":"open","sticky":false,"template":"","format":"standard","meta":[],"categories":[1],"tags":[],"_links":{"self":[{"href":"https:\/\/finlandsbloggen.se\/index.php?rest_route=\/wp\/v2\/posts\/3"}],"collection":[{"href":"https:\/\/finlandsbloggen.se\/index.php?rest_route=\/wp\/v2\/posts"}],"about":[{"href":"https:\/\/finlandsbloggen.se\/index.php?rest_route=\/wp\/v2\/types\/post"}],"author":[{"embeddable":true,"href":"https:\/\/finlandsbloggen.se\/index.php?rest_route=\/wp\/v2\/users\/1"}],"replies":[{"embeddable":true,"href":"https:\/\/finlandsbloggen.se\/index.php?rest_route=%2Fwp%2Fv2%2Fcomments&post=3"}],"version-history":[{"count":7,"href":"https:\/\/finlandsbloggen.se\/index.php?rest_route=\/wp\/v2\/posts\/3\/revisions"}],"predecessor-version":[{"id":13,"href":"https:\/\/finlandsbloggen.se\/index.php?rest_route=\/wp\/v2\/posts\/3\/revisions\/13"}],"wp:attachment":[{"href":"https:\/\/finlandsbloggen.se\/index.php?rest_route=%2Fwp%2Fv2%2Fmedia&parent=3"}],"wp:term":[{"taxonomy":"category","embeddable":true,"href":"https:\/\/finlandsbloggen.se\/index.php?rest_route=%2Fwp%2Fv2%2Fcategories&post=3"},{"taxonomy":"post_tag","embeddable":true,"href":"https:\/\/finlandsbloggen.se\/index.php?rest_route=%2Fwp%2Fv2%2Ftags&post=3"}],"curies":[{"name":"wp","href":"https:\/\/api.w.org\/{rel}","templated":true}]}}