{"id":223,"date":"2012-06-12T20:40:53","date_gmt":"2012-06-12T20:40:53","guid":{"rendered":"http:\/\/finlandsbloggen.se\/?p=223"},"modified":"2012-06-13T07:13:02","modified_gmt":"2012-06-13T07:13:02","slug":"boktips-mot-minnesforlust","status":"publish","type":"post","link":"https:\/\/finlandsbloggen.se\/?p=223","title":{"rendered":"Boktips mot minnesf\u00f6rlust"},"content":{"rendered":"<div>Aprop\u00e5 undanskuffade dialekter: f\u00f6rfattaren <a href=\"http:\/\/www.chrispinsson.se\/\">John Crispinsson<\/a>\u00a0har skrivit en glimrande bok med titeln\u00a0&#8221;Den gl\u00f6mda historien &#8211; om svenska \u00f6den och \u00e4ventyr i \u00f6ster under tusen \u00e5r&#8221;, vilken p\u00e5 ett mycket \u00f6versk\u00e5dligt s\u00e4tt redog\u00f6r f\u00f6r hur svenskarna utvecklade relationer p\u00e5 andra sidan \u00d6stersj\u00f6n. Och hur Sverige idag m\u00e4rkligt nog inte vill l\u00e5tsas om denna historia.<\/p>\n<div>Med boken i f\u00e4rskt minne blir man frestad att citera <a href=\"http:\/\/www.markesaret1809.se\/ShowArchiveFile.ashx?PageArchiveId=18\">Horace Engdahl<\/a>\u00a0fr\u00e5n \u00f6ppningsceremonin vid M\u00e4rkes\u00e5ret 2009:<\/p>\n<div><em>&#8221;Sverige och Finland f\u00f6re 1809 var inte ett syskonpar utan snarare siamesiska tvillingar. Det fanns inget Sverige f\u00f6re f\u00f6reningen med Finland, det fanns inget Finland f\u00f6re f\u00f6reningen med Sverige. Riksbildningen och uppbyggandet av en stat skedde gemensamt. Finland var inte n\u00e5gon underkuvad provins eller n\u00e5gon koloni utan en organisk del av ett rike d\u00e4r det talades flera spr\u00e5k.&#8221;<\/em><\/p>\n<div>L\u00e4s boken, och f\u00e5 en djupare f\u00f6rst\u00e5else f\u00f6r de l\u00e5nga relationerna mellan Sverige och Finland. Och n\u00e5gra l\u00e4nder till p\u00e5 k\u00f6pet.<\/div>\n<div><a href=\"http:\/\/media.finlandsbloggen.se\/2012\/06\/Den-gl\u00f6mda-historien-John-Crispinsson.jpg\"><img decoding=\"async\" loading=\"lazy\" class=\"size-full wp-image-224 alignleft\" title=\"Den gl\u00f6mda historien - John Crispinsson\" src=\"http:\/\/media.finlandsbloggen.se\/2012\/06\/Den-gl\u00f6mda-historien-John-Crispinsson.jpg\" alt=\"\" width=\"224\" height=\"336\" srcset=\"http:\/\/media.finlandsbloggen.se\/2012\/06\/Den-gl\u00f6mda-historien-John-Crispinsson.jpg 224w, http:\/\/media.finlandsbloggen.se\/2012\/06\/Den-gl\u00f6mda-historien-John-Crispinsson-200x300.jpg 200w\" sizes=\"(max-width: 224px) 100vw, 224px\" \/><\/a><\/div>\n<\/div>\n<\/div>\n<\/div>\n","protected":false},"excerpt":{"rendered":"<p>Aprop\u00e5 undanskuffade dialekter: f\u00f6rfattaren John Crispinsson\u00a0har skrivit en glimrande bok med titeln\u00a0&#8221;Den gl\u00f6mda historien &#8211; om svenska \u00f6den och \u00e4ventyr i \u00f6ster under tusen \u00e5r&#8221;, vilken p\u00e5 ett mycket \u00f6versk\u00e5dligt s\u00e4tt redog\u00f6r f\u00f6r hur svenskarna utvecklade relationer p\u00e5 andra sidan &hellip; <a href=\"https:\/\/finlandsbloggen.se\/?p=223\">L\u00e4s mer <span class=\"meta-nav\">&rarr;<\/span><\/a><\/p>\n","protected":false},"author":1,"featured_media":0,"comment_status":"open","ping_status":"open","sticky":false,"template":"","format":"standard","meta":[],"categories":[6],"tags":[],"_links":{"self":[{"href":"https:\/\/finlandsbloggen.se\/index.php?rest_route=\/wp\/v2\/posts\/223"}],"collection":[{"href":"https:\/\/finlandsbloggen.se\/index.php?rest_route=\/wp\/v2\/posts"}],"about":[{"href":"https:\/\/finlandsbloggen.se\/index.php?rest_route=\/wp\/v2\/types\/post"}],"author":[{"embeddable":true,"href":"https:\/\/finlandsbloggen.se\/index.php?rest_route=\/wp\/v2\/users\/1"}],"replies":[{"embeddable":true,"href":"https:\/\/finlandsbloggen.se\/index.php?rest_route=%2Fwp%2Fv2%2Fcomments&post=223"}],"version-history":[{"count":27,"href":"https:\/\/finlandsbloggen.se\/index.php?rest_route=\/wp\/v2\/posts\/223\/revisions"}],"predecessor-version":[{"id":253,"href":"https:\/\/finlandsbloggen.se\/index.php?rest_route=\/wp\/v2\/posts\/223\/revisions\/253"}],"wp:attachment":[{"href":"https:\/\/finlandsbloggen.se\/index.php?rest_route=%2Fwp%2Fv2%2Fmedia&parent=223"}],"wp:term":[{"taxonomy":"category","embeddable":true,"href":"https:\/\/finlandsbloggen.se\/index.php?rest_route=%2Fwp%2Fv2%2Fcategories&post=223"},{"taxonomy":"post_tag","embeddable":true,"href":"https:\/\/finlandsbloggen.se\/index.php?rest_route=%2Fwp%2Fv2%2Ftags&post=223"}],"curies":[{"name":"wp","href":"https:\/\/api.w.org\/{rel}","templated":true}]}}