{"id":208,"date":"2012-05-20T12:10:38","date_gmt":"2012-05-20T12:10:38","guid":{"rendered":"http:\/\/finlandsbloggen.se\/?p=208"},"modified":"2012-06-12T12:14:28","modified_gmt":"2012-06-12T12:14:28","slug":"det-har-gick-ju-inte-sa-bra","status":"publish","type":"post","link":"https:\/\/finlandsbloggen.se\/?p=208","title":{"rendered":"Det h\u00e4r gick ju inte s\u00e5 bra&#8230;"},"content":{"rendered":"<p>Det s\u00e4kraste av alla v\u00e5rtecken \u00e4r v\u00e4l \u00e4nd\u00e5 hockey-VM. I slutet av maj vill man ju verkligen sitta framf\u00f6r TV:n eller inuti en arena.<\/p>\n<p>Men delat arrang\u00f6rsskap mellan Finland och Sverige var ju trevligt.<\/p>\n<div id=\"attachment_209\" style=\"width: 594px\" class=\"wp-caption alignleft\"><a href=\"http:\/\/media.finlandsbloggen.se\/2012\/06\/Av-med-tr\u00f6jorna....jpg\"><img aria-describedby=\"caption-attachment-209\" decoding=\"async\" loading=\"lazy\" class=\"size-large wp-image-209\" title=\"Av med tr\u00f6jorna...\" src=\"http:\/\/media.finlandsbloggen.se\/2012\/06\/Av-med-tr\u00f6jorna...-1024x764.jpg\" alt=\"\" width=\"584\" height=\"435\" srcset=\"http:\/\/media.finlandsbloggen.se\/2012\/06\/Av-med-tr\u00f6jorna...-1024x764.jpg 1024w, http:\/\/media.finlandsbloggen.se\/2012\/06\/Av-med-tr\u00f6jorna...-300x224.jpg 300w, http:\/\/media.finlandsbloggen.se\/2012\/06\/Av-med-tr\u00f6jorna...-401x300.jpg 401w, http:\/\/media.finlandsbloggen.se\/2012\/06\/Av-med-tr\u00f6jorna....jpg 1296w\" sizes=\"(max-width: 584px) 100vw, 584px\" \/><\/a><p id=\"caption-attachment-209\" class=\"wp-caption-text\">P\u00e5 Arlanda lockade Finnair med hockeytema.<\/p><\/div>\n","protected":false},"excerpt":{"rendered":"<p>Det s\u00e4kraste av alla v\u00e5rtecken \u00e4r v\u00e4l \u00e4nd\u00e5 hockey-VM. I slutet av maj vill man ju verkligen sitta framf\u00f6r TV:n eller inuti en arena. Men delat arrang\u00f6rsskap mellan Finland och Sverige var ju trevligt.<\/p>\n","protected":false},"author":1,"featured_media":0,"comment_status":"open","ping_status":"open","sticky":false,"template":"","format":"standard","meta":[],"categories":[1],"tags":[],"_links":{"self":[{"href":"https:\/\/finlandsbloggen.se\/index.php?rest_route=\/wp\/v2\/posts\/208"}],"collection":[{"href":"https:\/\/finlandsbloggen.se\/index.php?rest_route=\/wp\/v2\/posts"}],"about":[{"href":"https:\/\/finlandsbloggen.se\/index.php?rest_route=\/wp\/v2\/types\/post"}],"author":[{"embeddable":true,"href":"https:\/\/finlandsbloggen.se\/index.php?rest_route=\/wp\/v2\/users\/1"}],"replies":[{"embeddable":true,"href":"https:\/\/finlandsbloggen.se\/index.php?rest_route=%2Fwp%2Fv2%2Fcomments&post=208"}],"version-history":[{"count":4,"href":"https:\/\/finlandsbloggen.se\/index.php?rest_route=\/wp\/v2\/posts\/208\/revisions"}],"predecessor-version":[{"id":213,"href":"https:\/\/finlandsbloggen.se\/index.php?rest_route=\/wp\/v2\/posts\/208\/revisions\/213"}],"wp:attachment":[{"href":"https:\/\/finlandsbloggen.se\/index.php?rest_route=%2Fwp%2Fv2%2Fmedia&parent=208"}],"wp:term":[{"taxonomy":"category","embeddable":true,"href":"https:\/\/finlandsbloggen.se\/index.php?rest_route=%2Fwp%2Fv2%2Fcategories&post=208"},{"taxonomy":"post_tag","embeddable":true,"href":"https:\/\/finlandsbloggen.se\/index.php?rest_route=%2Fwp%2Fv2%2Ftags&post=208"}],"curies":[{"name":"wp","href":"https:\/\/api.w.org\/{rel}","templated":true}]}}