{"id":196,"date":"2012-06-12T11:48:11","date_gmt":"2012-06-12T11:48:11","guid":{"rendered":"http:\/\/finlandsbloggen.se\/?p=196"},"modified":"2012-06-12T18:55:22","modified_gmt":"2012-06-12T18:55:22","slug":"en-bortglomd-svenska","status":"publish","type":"post","link":"https:\/\/finlandsbloggen.se\/?p=196","title":{"rendered":"Ett verkligt dialektmysterium"},"content":{"rendered":"<p>Kanske har n\u00e5gon f\u00f6ljt TV-serien <a href=\"http:\/\/svt.se\/2.112777\/svenska_dialektmysterier\" target=\"_blank\">Svenska dialektmysterier<\/a> med Fredrik Lindstr\u00f6m, d\u00e4r programledaren reser Sverige runt f\u00f6r att exponera olika nyanser av det svenska spr\u00e5ket.<\/p>\n<p>Men saknas inte en stor del av det svenska spr\u00e5komr\u00e5det i programmet och dess hemsida? Just det, de svensktalande delarna av Finland finns inte med. Och \u00e4nd\u00e5 \u00e4r Finland &#8211; fortfarande &#8211; det enda landet i v\u00e4rlden d\u00e4r svenska \u00e4r officiellt spr\u00e5k. Den nya spr\u00e5klagen i Sverige som antogs 2009 anger att svenska \u00e4r<a href=\"http:\/\/www.notisum.se\/rnp\/sls\/lag\/20090600.htm\" target=\"_blank\"> huvudspr\u00e5k<\/a>, och inget annat.<\/p>\n<p>F\u00f6r den dialektintresserade finns det lyckligtvis en uppf\u00f6ljning i P1:s program <a href=\"http:\/\/sverigesradio.se\/sida\/artikel.aspx?programid=411&amp;artikel=5147581\" target=\"_blank\">Spr\u00e5ket<\/a>, d\u00e4r man kan l\u00e4ra sig mer om svenska spr\u00e5kvarianter i \u00d6sterbotten.<\/p>\n","protected":false},"excerpt":{"rendered":"<p>Kanske har n\u00e5gon f\u00f6ljt TV-serien Svenska dialektmysterier med Fredrik Lindstr\u00f6m, d\u00e4r programledaren reser Sverige runt f\u00f6r att exponera olika nyanser av det svenska spr\u00e5ket. Men saknas inte en stor del av det svenska spr\u00e5komr\u00e5det i programmet och dess hemsida? Just &hellip; <a href=\"https:\/\/finlandsbloggen.se\/?p=196\">L\u00e4s mer <span class=\"meta-nav\">&rarr;<\/span><\/a><\/p>\n","protected":false},"author":1,"featured_media":0,"comment_status":"open","ping_status":"open","sticky":false,"template":"","format":"standard","meta":[],"categories":[1],"tags":[],"_links":{"self":[{"href":"https:\/\/finlandsbloggen.se\/index.php?rest_route=\/wp\/v2\/posts\/196"}],"collection":[{"href":"https:\/\/finlandsbloggen.se\/index.php?rest_route=\/wp\/v2\/posts"}],"about":[{"href":"https:\/\/finlandsbloggen.se\/index.php?rest_route=\/wp\/v2\/types\/post"}],"author":[{"embeddable":true,"href":"https:\/\/finlandsbloggen.se\/index.php?rest_route=\/wp\/v2\/users\/1"}],"replies":[{"embeddable":true,"href":"https:\/\/finlandsbloggen.se\/index.php?rest_route=%2Fwp%2Fv2%2Fcomments&post=196"}],"version-history":[{"count":9,"href":"https:\/\/finlandsbloggen.se\/index.php?rest_route=\/wp\/v2\/posts\/196\/revisions"}],"predecessor-version":[{"id":222,"href":"https:\/\/finlandsbloggen.se\/index.php?rest_route=\/wp\/v2\/posts\/196\/revisions\/222"}],"wp:attachment":[{"href":"https:\/\/finlandsbloggen.se\/index.php?rest_route=%2Fwp%2Fv2%2Fmedia&parent=196"}],"wp:term":[{"taxonomy":"category","embeddable":true,"href":"https:\/\/finlandsbloggen.se\/index.php?rest_route=%2Fwp%2Fv2%2Fcategories&post=196"},{"taxonomy":"post_tag","embeddable":true,"href":"https:\/\/finlandsbloggen.se\/index.php?rest_route=%2Fwp%2Fv2%2Ftags&post=196"}],"curies":[{"name":"wp","href":"https:\/\/api.w.org\/{rel}","templated":true}]}}