{"id":567,"date":"2023-03-09T08:46:56","date_gmt":"2023-03-09T08:46:56","guid":{"rendered":"http:\/\/finlandsbloggen.se\/?p=567"},"modified":"2023-03-09T08:49:21","modified_gmt":"2023-03-09T08:49:21","slug":"unga-lar-er-sprak","status":"publish","type":"post","link":"http:\/\/finlandsbloggen.se\/?p=567","title":{"rendered":"Unga &#8211; l\u00e4r er spr\u00e5k!"},"content":{"rendered":"\n<p><a href=\"https:\/\/finlandabroad.fi\/web\/swe\/kronikor\/-\/asset_publisher\/jCNcXD6Geeku\/content\/unga-lar-er-sprak-\/3496026\">T\u00e4nkv\u00e4rda tankar<\/a> fr\u00e5n &#8221;Finska borgen&#8221; &#8211; Finlands ambassad i Stockholm.<\/p>\n","protected":false},"excerpt":{"rendered":"<p>T\u00e4nkv\u00e4rda tankar fr\u00e5n &#8221;Finska borgen&#8221; &#8211; Finlands ambassad i Stockholm.<\/p>\n","protected":false},"author":1,"featured_media":0,"comment_status":"closed","ping_status":"open","sticky":false,"template":"","format":"standard","meta":[],"categories":[1],"tags":[],"_links":{"self":[{"href":"http:\/\/finlandsbloggen.se\/index.php?rest_route=\/wp\/v2\/posts\/567"}],"collection":[{"href":"http:\/\/finlandsbloggen.se\/index.php?rest_route=\/wp\/v2\/posts"}],"about":[{"href":"http:\/\/finlandsbloggen.se\/index.php?rest_route=\/wp\/v2\/types\/post"}],"author":[{"embeddable":true,"href":"http:\/\/finlandsbloggen.se\/index.php?rest_route=\/wp\/v2\/users\/1"}],"replies":[{"embeddable":true,"href":"http:\/\/finlandsbloggen.se\/index.php?rest_route=%2Fwp%2Fv2%2Fcomments&post=567"}],"version-history":[{"count":2,"href":"http:\/\/finlandsbloggen.se\/index.php?rest_route=\/wp\/v2\/posts\/567\/revisions"}],"predecessor-version":[{"id":569,"href":"http:\/\/finlandsbloggen.se\/index.php?rest_route=\/wp\/v2\/posts\/567\/revisions\/569"}],"wp:attachment":[{"href":"http:\/\/finlandsbloggen.se\/index.php?rest_route=%2Fwp%2Fv2%2Fmedia&parent=567"}],"wp:term":[{"taxonomy":"category","embeddable":true,"href":"http:\/\/finlandsbloggen.se\/index.php?rest_route=%2Fwp%2Fv2%2Fcategories&post=567"},{"taxonomy":"post_tag","embeddable":true,"href":"http:\/\/finlandsbloggen.se\/index.php?rest_route=%2Fwp%2Fv2%2Ftags&post=567"}],"curies":[{"name":"wp","href":"https:\/\/api.w.org\/{rel}","templated":true}]}}