{"id":360,"date":"2013-02-12T19:52:14","date_gmt":"2013-02-12T19:52:14","guid":{"rendered":"http:\/\/finlandsbloggen.se\/?p=360"},"modified":"2013-02-12T20:00:04","modified_gmt":"2013-02-12T20:00:04","slug":"att-doda-eller-do","status":"publish","type":"post","link":"http:\/\/finlandsbloggen.se\/?p=360","title":{"rendered":"Att d\u00f6da eller d\u00f6&#8230;"},"content":{"rendered":"<p><em>&#8221;Hur hanterar man det faktum, att man b\u00f6rjat sitt vuxna liv genom att vara med om att d\u00f6da ett stort antal andra m\u00e4nniskor?&#8221;<\/em><\/p>\n<p>Finlandsbloggen fick ett tips om filmen<a href=\"http:\/\/www.raate.se\/\" target=\"_blank\"> Raate &#8211; d\u00f6dens v\u00e4g<\/a>, som handlar om n\u00e5gra av de blodigaste striderna i Nordens historia. Finska bondpojkar, illa utrustade och kraftigt underl\u00e4gsna i antal, hejdade och f\u00f6rintade tv\u00e5 sovjetiska motoriserade divisioner. Detta skedde under vinterkriget, i trettiogradig kyla. Lik l\u00e5g \u00f6verallt; tusentals kroppar l\u00e4ngs v\u00e4gar, p\u00e5 frusna sj\u00f6ar och i skogarna.<\/p>\n<p>Den som l\u00e4ser om Finlands utmaningar under andra v\u00e4rldskriget h\u00e4pnar \u00f6ver det motst\u00e5nd som ett litet land kunde bjuda mot en till synes fullkomligt \u00f6verm\u00e4ktig fiende. Sovjetunionen anf\u00f6ll med 1 500 stridsvagnar. Finland f\u00f6rfogade \u00f6ver 32.\u00a0En \u00f6versikt \u00f6ver krigets f\u00f6rlopp finns <a href=\"http:\/\/www.popularhistoria.se\/artiklar\/finska-vinterkriget\/\" target=\"_blank\">h\u00e4r<\/a>.<\/p>\n<p>N\u00e4r freden kom skulle livet \u00e5terg\u00e5 till n\u00e5gon sorts normalitet, trots de umb\u00e4randen som soldater och familjer g\u00e5tt igenom. Krigets fasor var ingenting man talade om. Minnena gjorde sig ist\u00e4llet p\u00e5minda genom mardr\u00f6mmar och sj\u00e4lvmordsf\u00f6rs\u00f6k. Begreppet posttraumatisk stress var \u00e4nnu ok\u00e4nt.<\/p>\n<p>Manus och regi till filmen &#8221;Raate &#8211; d\u00f6dens v\u00e4g&#8221; st\u00e5r <a href=\"http:\/\/www.raate.se\/?page_id=14\" target=\"_blank\">Seppo Salmivuori<\/a> f\u00f6r. Han \u00e4r sj\u00e4lv barn till en av de soldater, som deltog i striderna och som efter kriget flyttade till Sverige. Filmen \u00e4r ett f\u00f6rs\u00f6k att greppa vad fadern upplevde, men aldrig f\u00f6rmedlade.<\/p>\n<p>Finlandsbloggen erinrar sig ett citat fr\u00e5n ett samtal med en dekorerad Vietnamveteran i USA 2002:\u00a0<em>If war is hell &#8211; then combat is a motherfucker.<\/em><\/p>\n<p>Pardon my French.<\/p>\n","protected":false},"excerpt":{"rendered":"<p>&#8221;Hur hanterar man det faktum, att man b\u00f6rjat sitt vuxna liv genom att vara med om att d\u00f6da ett stort antal andra m\u00e4nniskor?&#8221; Finlandsbloggen fick ett tips om filmen Raate &#8211; d\u00f6dens v\u00e4g, som handlar om n\u00e5gra av de blodigaste &hellip; <a href=\"http:\/\/finlandsbloggen.se\/?p=360\">L\u00e4s mer <span class=\"meta-nav\">&rarr;<\/span><\/a><\/p>\n","protected":false},"author":1,"featured_media":0,"comment_status":"open","ping_status":"open","sticky":false,"template":"","format":"standard","meta":[],"categories":[1],"tags":[],"_links":{"self":[{"href":"http:\/\/finlandsbloggen.se\/index.php?rest_route=\/wp\/v2\/posts\/360"}],"collection":[{"href":"http:\/\/finlandsbloggen.se\/index.php?rest_route=\/wp\/v2\/posts"}],"about":[{"href":"http:\/\/finlandsbloggen.se\/index.php?rest_route=\/wp\/v2\/types\/post"}],"author":[{"embeddable":true,"href":"http:\/\/finlandsbloggen.se\/index.php?rest_route=\/wp\/v2\/users\/1"}],"replies":[{"embeddable":true,"href":"http:\/\/finlandsbloggen.se\/index.php?rest_route=%2Fwp%2Fv2%2Fcomments&post=360"}],"version-history":[{"count":2,"href":"http:\/\/finlandsbloggen.se\/index.php?rest_route=\/wp\/v2\/posts\/360\/revisions"}],"predecessor-version":[{"id":362,"href":"http:\/\/finlandsbloggen.se\/index.php?rest_route=\/wp\/v2\/posts\/360\/revisions\/362"}],"wp:attachment":[{"href":"http:\/\/finlandsbloggen.se\/index.php?rest_route=%2Fwp%2Fv2%2Fmedia&parent=360"}],"wp:term":[{"taxonomy":"category","embeddable":true,"href":"http:\/\/finlandsbloggen.se\/index.php?rest_route=%2Fwp%2Fv2%2Fcategories&post=360"},{"taxonomy":"post_tag","embeddable":true,"href":"http:\/\/finlandsbloggen.se\/index.php?rest_route=%2Fwp%2Fv2%2Ftags&post=360"}],"curies":[{"name":"wp","href":"https:\/\/api.w.org\/{rel}","templated":true}]}}