{"id":293,"date":"2012-09-30T13:05:03","date_gmt":"2012-09-30T13:05:03","guid":{"rendered":"http:\/\/finlandsbloggen.se\/?p=293"},"modified":"2012-09-30T13:12:07","modified_gmt":"2012-09-30T13:12:07","slug":"200-ar-av-ny-politik","status":"publish","type":"post","link":"http:\/\/finlandsbloggen.se\/?p=293","title":{"rendered":"200 \u00e5r av ny politik"},"content":{"rendered":"<p>Idag \u00e4r Bokm\u00e4ssans sista dag i G\u00f6teborg och vi kan se tillbaks p\u00e5 flera dagar av intressanta f\u00f6redrag och seminarier. En sp\u00e4nnande paneldiskussion h\u00f6lls i den finl\u00e4ndska avdelningen av Bokm\u00e4ssan, med utg\u00e5ngspunkt fr\u00e5n boken &#8221;Furstar och folk i \u00c5bo 2012&#8221;. Det var d\u00e5 som Sveriges nyvalde kronprins Karl Johan tr\u00e4ffade Rysslands tsar Alexander f\u00f6r att g\u00f6ra gemensam sak mot Napoleon.<\/p>\n<p>Sverige skulle d\u00e4rmed slutligen avst\u00e5 fr\u00e5n vidare anspr\u00e5k p\u00e5 den f\u00f6rlorade rikshalvan Finland, medan Ryssland skulle st\u00f6dja en linje d\u00e4r Norge avskiljdes fr\u00e5n Danmark och lades under den svenska kronan.<\/p>\n<p>I panelen fanns f\u00f6rfattaren Nils Henrik Villstrand, Sveriges tidigare statsminister Ingvar Carlsson samt den tidigare ministern P\u00e4r Stenb\u00e4ck fr\u00e5n Finland. Alla var r\u00f6rande eniga: 1812 grundlades en ny politik i Norden, som \u00e4n idag \u00e4r relevant. I synnerhet har politiken tj\u00e4nat Sverige v\u00e4l, efter 1814 har Sverige aldrig drabbats av v\u00e4pnad konflikt, medan Finland varit sk\u00e5deplats f\u00f6r Krimkriget, frig\u00f6relse- och inb\u00f6rdeskrig samt drabbats av andra v\u00e4rldskrigets fasor.<\/p>\n<p>Sverige skall vara glada f\u00f6r att Finland finns och att det gick som det gick 1809. Dessutom fick man Norge som n\u00e5gon sorts mjuklandning, dock utan den riksgemenskap, som r\u00e5tt mellan Sverige och Finland. I ljuset av den nya s\u00e4kerhetspolitiska situationen blev nu f\u00f6rsiktighet som g\u00e4llde, vilket P\u00e4r Stenb\u00e4ck illustrerade med f\u00f6ljande kommentar:<\/p>\n<p>&#8211; Fr\u00e5ga norrm\u00e4nnen, hur goda imperiebyggare svenskarna var&#8230;<\/p>\n<div id=\"attachment_294\" style=\"width: 1306px\" class=\"wp-caption alignleft\"><a href=\"http:\/\/media.finlandsbloggen.se\/2012\/09\/Samtal-om-1812.jpg\"><img aria-describedby=\"caption-attachment-294\" decoding=\"async\" loading=\"lazy\" class=\"size-full wp-image-294\" title=\"Samtal om 1812\" src=\"http:\/\/media.finlandsbloggen.se\/2012\/09\/Samtal-om-1812.jpg\" alt=\"\" width=\"1296\" height=\"968\" srcset=\"http:\/\/media.finlandsbloggen.se\/2012\/09\/Samtal-om-1812.jpg 1296w, http:\/\/media.finlandsbloggen.se\/2012\/09\/Samtal-om-1812-300x224.jpg 300w, http:\/\/media.finlandsbloggen.se\/2012\/09\/Samtal-om-1812-1024x764.jpg 1024w, http:\/\/media.finlandsbloggen.se\/2012\/09\/Samtal-om-1812-401x300.jpg 401w\" sizes=\"(max-width: 1296px) 100vw, 1296px\" \/><\/a><p id=\"caption-attachment-294\" class=\"wp-caption-text\">Moderator Anders Eriksson, Ingvar Carlsson, P\u00e4r Stenbeck samt Nils Erik Villstrand<\/p><\/div>\n<p>&nbsp;<\/p>\n","protected":false},"excerpt":{"rendered":"<p>Idag \u00e4r Bokm\u00e4ssans sista dag i G\u00f6teborg och vi kan se tillbaks p\u00e5 flera dagar av intressanta f\u00f6redrag och seminarier. En sp\u00e4nnande paneldiskussion h\u00f6lls i den finl\u00e4ndska avdelningen av Bokm\u00e4ssan, med utg\u00e5ngspunkt fr\u00e5n boken &#8221;Furstar och folk i \u00c5bo 2012&#8221;. &hellip; <a href=\"http:\/\/finlandsbloggen.se\/?p=293\">L\u00e4s mer <span class=\"meta-nav\">&rarr;<\/span><\/a><\/p>\n","protected":false},"author":1,"featured_media":0,"comment_status":"open","ping_status":"open","sticky":false,"template":"","format":"standard","meta":[],"categories":[1],"tags":[],"_links":{"self":[{"href":"http:\/\/finlandsbloggen.se\/index.php?rest_route=\/wp\/v2\/posts\/293"}],"collection":[{"href":"http:\/\/finlandsbloggen.se\/index.php?rest_route=\/wp\/v2\/posts"}],"about":[{"href":"http:\/\/finlandsbloggen.se\/index.php?rest_route=\/wp\/v2\/types\/post"}],"author":[{"embeddable":true,"href":"http:\/\/finlandsbloggen.se\/index.php?rest_route=\/wp\/v2\/users\/1"}],"replies":[{"embeddable":true,"href":"http:\/\/finlandsbloggen.se\/index.php?rest_route=%2Fwp%2Fv2%2Fcomments&post=293"}],"version-history":[{"count":3,"href":"http:\/\/finlandsbloggen.se\/index.php?rest_route=\/wp\/v2\/posts\/293\/revisions"}],"predecessor-version":[{"id":296,"href":"http:\/\/finlandsbloggen.se\/index.php?rest_route=\/wp\/v2\/posts\/293\/revisions\/296"}],"wp:attachment":[{"href":"http:\/\/finlandsbloggen.se\/index.php?rest_route=%2Fwp%2Fv2%2Fmedia&parent=293"}],"wp:term":[{"taxonomy":"category","embeddable":true,"href":"http:\/\/finlandsbloggen.se\/index.php?rest_route=%2Fwp%2Fv2%2Fcategories&post=293"},{"taxonomy":"post_tag","embeddable":true,"href":"http:\/\/finlandsbloggen.se\/index.php?rest_route=%2Fwp%2Fv2%2Ftags&post=293"}],"curies":[{"name":"wp","href":"https:\/\/api.w.org\/{rel}","templated":true}]}}