{"id":289,"date":"2012-09-28T13:11:49","date_gmt":"2012-09-28T13:11:49","guid":{"rendered":"http:\/\/finlandsbloggen.se\/?p=289"},"modified":"2012-09-28T13:14:49","modified_gmt":"2012-09-28T13:14:49","slug":"ser-man-pa","status":"publish","type":"post","link":"http:\/\/finlandsbloggen.se\/?p=289","title":{"rendered":"Ser man p\u00e5&#8230;"},"content":{"rendered":"<p>Det har v\u00e4l inte undg\u00e5tt n\u00e5gon att Bokm\u00e4ssan p\u00e5g\u00e5r f\u00f6r fullt i G\u00f6teborg. Som vanligt \u00e4r det fullt av nordiska inslag, men i \u00e5r 2012 \u00e4r Norden tema f\u00f6r hela m\u00e4ssan.<\/p>\n<p>Finlandsbloggen gick f\u00f6rbi Regionarkivets monter och fann nedanst\u00e5ende bekanta motiv:<\/p>\n<p><a href=\"http:\/\/media.finlandsbloggen.se\/2012\/09\/Ser-man-p\u00e5....jpg\"><img decoding=\"async\" loading=\"lazy\" class=\"alignleft size-full wp-image-290\" title=\"Ser man p\u00e5...\" src=\"http:\/\/media.finlandsbloggen.se\/2012\/09\/Ser-man-p\u00e5....jpg\" alt=\"\" width=\"968\" height=\"1296\" srcset=\"http:\/\/media.finlandsbloggen.se\/2012\/09\/Ser-man-p\u00e5....jpg 968w, http:\/\/media.finlandsbloggen.se\/2012\/09\/Ser-man-p\u00e5...-224x300.jpg 224w, http:\/\/media.finlandsbloggen.se\/2012\/09\/Ser-man-p\u00e5...-764x1024.jpg 764w\" sizes=\"(max-width: 968px) 100vw, 968px\" \/><\/a><\/p>\n","protected":false},"excerpt":{"rendered":"<p>Det har v\u00e4l inte undg\u00e5tt n\u00e5gon att Bokm\u00e4ssan p\u00e5g\u00e5r f\u00f6r fullt i G\u00f6teborg. Som vanligt \u00e4r det fullt av nordiska inslag, men i \u00e5r 2012 \u00e4r Norden tema f\u00f6r hela m\u00e4ssan. Finlandsbloggen gick f\u00f6rbi Regionarkivets monter och fann nedanst\u00e5ende bekanta &hellip; <a href=\"http:\/\/finlandsbloggen.se\/?p=289\">L\u00e4s mer <span class=\"meta-nav\">&rarr;<\/span><\/a><\/p>\n","protected":false},"author":1,"featured_media":0,"comment_status":"open","ping_status":"open","sticky":false,"template":"","format":"standard","meta":[],"categories":[1],"tags":[],"_links":{"self":[{"href":"http:\/\/finlandsbloggen.se\/index.php?rest_route=\/wp\/v2\/posts\/289"}],"collection":[{"href":"http:\/\/finlandsbloggen.se\/index.php?rest_route=\/wp\/v2\/posts"}],"about":[{"href":"http:\/\/finlandsbloggen.se\/index.php?rest_route=\/wp\/v2\/types\/post"}],"author":[{"embeddable":true,"href":"http:\/\/finlandsbloggen.se\/index.php?rest_route=\/wp\/v2\/users\/1"}],"replies":[{"embeddable":true,"href":"http:\/\/finlandsbloggen.se\/index.php?rest_route=%2Fwp%2Fv2%2Fcomments&post=289"}],"version-history":[{"count":2,"href":"http:\/\/finlandsbloggen.se\/index.php?rest_route=\/wp\/v2\/posts\/289\/revisions"}],"predecessor-version":[{"id":292,"href":"http:\/\/finlandsbloggen.se\/index.php?rest_route=\/wp\/v2\/posts\/289\/revisions\/292"}],"wp:attachment":[{"href":"http:\/\/finlandsbloggen.se\/index.php?rest_route=%2Fwp%2Fv2%2Fmedia&parent=289"}],"wp:term":[{"taxonomy":"category","embeddable":true,"href":"http:\/\/finlandsbloggen.se\/index.php?rest_route=%2Fwp%2Fv2%2Fcategories&post=289"},{"taxonomy":"post_tag","embeddable":true,"href":"http:\/\/finlandsbloggen.se\/index.php?rest_route=%2Fwp%2Fv2%2Ftags&post=289"}],"curies":[{"name":"wp","href":"https:\/\/api.w.org\/{rel}","templated":true}]}}