{"id":274,"date":"2012-09-05T09:21:29","date_gmt":"2012-09-05T09:21:29","guid":{"rendered":"http:\/\/finlandsbloggen.se\/?p=274"},"modified":"2012-09-05T09:26:05","modified_gmt":"2012-09-05T09:26:05","slug":"svart-eller-vitt","status":"publish","type":"post","link":"http:\/\/finlandsbloggen.se\/?p=274","title":{"rendered":"F\u00e4rgl\u00e4gg Mannerheim"},"content":{"rendered":"<p>I januari framf\u00f6rdes ett f\u00f6rslag i Hufvudstadsbladet om att\u00a0<a href=\"http:\/\/hbl.fi\/opinion\/lasares-brev\/2012-01-24\/farglagg-gamla-filmer-om-mannerheim\" target=\"_blank\">f\u00e4rgl\u00e4gga Mannerheim<\/a>.\u00a0Nu har en\u00a0ny film om Carl Gustaf Emil Mannerheim har r\u00f6rt upp k\u00e4nslorna i Finland, eftersom marskalken portr\u00e4tteras av en <a href=\"http:\/\/www.dn.se\/kultur-noje\/film-tv\/mannerheim-blir-svart-pa-vita-duken\" target=\"_blank\">svart sk\u00e5despelare<\/a>.\u00a0Se en liten trailer f\u00f6r The Marshal of Finland <a href=\"http:\/\/www.liveleak.com\/view?i=781_1345112170\" target=\"_blank\">h\u00e4r, <\/a>och j\u00e4mf\u00f6r g\u00e4rna med bilden <a href=\"http:\/\/en.wikipedia.org\/wiki\/File:Carl_Gustaf_Emil_Mannerheim.jpg\" target=\"_blank\">h\u00e4r<\/a>, om du blir os\u00e4ker.<\/p>\n<p>Svart, vitt eller svartvitt &#8211; det \u00e4r fr\u00e5gan.<\/p>\n","protected":false},"excerpt":{"rendered":"<p>I januari framf\u00f6rdes ett f\u00f6rslag i Hufvudstadsbladet om att\u00a0f\u00e4rgl\u00e4gga Mannerheim.\u00a0Nu har en\u00a0ny film om Carl Gustaf Emil Mannerheim har r\u00f6rt upp k\u00e4nslorna i Finland, eftersom marskalken portr\u00e4tteras av en svart sk\u00e5despelare.\u00a0Se en liten trailer f\u00f6r The Marshal of Finland h\u00e4r, &hellip; <a href=\"http:\/\/finlandsbloggen.se\/?p=274\">L\u00e4s mer <span class=\"meta-nav\">&rarr;<\/span><\/a><\/p>\n","protected":false},"author":1,"featured_media":0,"comment_status":"open","ping_status":"open","sticky":false,"template":"","format":"standard","meta":[],"categories":[1],"tags":[],"_links":{"self":[{"href":"http:\/\/finlandsbloggen.se\/index.php?rest_route=\/wp\/v2\/posts\/274"}],"collection":[{"href":"http:\/\/finlandsbloggen.se\/index.php?rest_route=\/wp\/v2\/posts"}],"about":[{"href":"http:\/\/finlandsbloggen.se\/index.php?rest_route=\/wp\/v2\/types\/post"}],"author":[{"embeddable":true,"href":"http:\/\/finlandsbloggen.se\/index.php?rest_route=\/wp\/v2\/users\/1"}],"replies":[{"embeddable":true,"href":"http:\/\/finlandsbloggen.se\/index.php?rest_route=%2Fwp%2Fv2%2Fcomments&post=274"}],"version-history":[{"count":3,"href":"http:\/\/finlandsbloggen.se\/index.php?rest_route=\/wp\/v2\/posts\/274\/revisions"}],"predecessor-version":[{"id":276,"href":"http:\/\/finlandsbloggen.se\/index.php?rest_route=\/wp\/v2\/posts\/274\/revisions\/276"}],"wp:attachment":[{"href":"http:\/\/finlandsbloggen.se\/index.php?rest_route=%2Fwp%2Fv2%2Fmedia&parent=274"}],"wp:term":[{"taxonomy":"category","embeddable":true,"href":"http:\/\/finlandsbloggen.se\/index.php?rest_route=%2Fwp%2Fv2%2Fcategories&post=274"},{"taxonomy":"post_tag","embeddable":true,"href":"http:\/\/finlandsbloggen.se\/index.php?rest_route=%2Fwp%2Fv2%2Ftags&post=274"}],"curies":[{"name":"wp","href":"https:\/\/api.w.org\/{rel}","templated":true}]}}