{"id":271,"date":"2012-09-01T15:34:24","date_gmt":"2012-09-01T15:34:24","guid":{"rendered":"http:\/\/finlandsbloggen.se\/?p=271"},"modified":"2012-09-01T15:34:24","modified_gmt":"2012-09-01T15:34:24","slug":"ekots-lordagsintervju-sauli-niinisto","status":"publish","type":"post","link":"http:\/\/finlandsbloggen.se\/?p=271","title":{"rendered":"Ekots l\u00f6rdagsintervju: Sauli Niinist\u00f6"},"content":{"rendered":"<p>Ni missade v\u00e4l inte Ekots l\u00f6rdagsintervju f\u00f6rra veckan? G\u00e4st var ingen mindre \u00e4n Republiken Finlands president, Sauli Niinist\u00f6, som 2002 var med och inf\u00f6rde euron i Finland i sin d\u00e5varande egenskap av finansminister.<\/p>\n<p>Lyssna p\u00e5 intervjun <a href=\"http:\/\/sverigesradio.se\/sida\/artikel.aspx?programid=3071&amp;artikel=5169477\" target=\"_blank\">h\u00e4r!<\/a><\/p>\n<p>Presidenten finns \u00e4ven p\u00e5<a href=\"http:\/\/www.facebook.com\/niinisto\" target=\"_blank\"> Facebook<\/a>.<\/p>\n","protected":false},"excerpt":{"rendered":"<p>Ni missade v\u00e4l inte Ekots l\u00f6rdagsintervju f\u00f6rra veckan? G\u00e4st var ingen mindre \u00e4n Republiken Finlands president, Sauli Niinist\u00f6, som 2002 var med och inf\u00f6rde euron i Finland i sin d\u00e5varande egenskap av finansminister. Lyssna p\u00e5 intervjun h\u00e4r! Presidenten finns \u00e4ven &hellip; <a href=\"http:\/\/finlandsbloggen.se\/?p=271\">L\u00e4s mer <span class=\"meta-nav\">&rarr;<\/span><\/a><\/p>\n","protected":false},"author":1,"featured_media":0,"comment_status":"open","ping_status":"open","sticky":false,"template":"","format":"standard","meta":[],"categories":[1],"tags":[],"_links":{"self":[{"href":"http:\/\/finlandsbloggen.se\/index.php?rest_route=\/wp\/v2\/posts\/271"}],"collection":[{"href":"http:\/\/finlandsbloggen.se\/index.php?rest_route=\/wp\/v2\/posts"}],"about":[{"href":"http:\/\/finlandsbloggen.se\/index.php?rest_route=\/wp\/v2\/types\/post"}],"author":[{"embeddable":true,"href":"http:\/\/finlandsbloggen.se\/index.php?rest_route=\/wp\/v2\/users\/1"}],"replies":[{"embeddable":true,"href":"http:\/\/finlandsbloggen.se\/index.php?rest_route=%2Fwp%2Fv2%2Fcomments&post=271"}],"version-history":[{"count":1,"href":"http:\/\/finlandsbloggen.se\/index.php?rest_route=\/wp\/v2\/posts\/271\/revisions"}],"predecessor-version":[{"id":272,"href":"http:\/\/finlandsbloggen.se\/index.php?rest_route=\/wp\/v2\/posts\/271\/revisions\/272"}],"wp:attachment":[{"href":"http:\/\/finlandsbloggen.se\/index.php?rest_route=%2Fwp%2Fv2%2Fmedia&parent=271"}],"wp:term":[{"taxonomy":"category","embeddable":true,"href":"http:\/\/finlandsbloggen.se\/index.php?rest_route=%2Fwp%2Fv2%2Fcategories&post=271"},{"taxonomy":"post_tag","embeddable":true,"href":"http:\/\/finlandsbloggen.se\/index.php?rest_route=%2Fwp%2Fv2%2Ftags&post=271"}],"curies":[{"name":"wp","href":"https:\/\/api.w.org\/{rel}","templated":true}]}}