{"id":151,"date":"2012-02-24T21:53:33","date_gmt":"2012-02-24T21:53:33","guid":{"rendered":"http:\/\/finlandsbloggen.se\/?p=151"},"modified":"2012-03-03T12:31:43","modified_gmt":"2012-03-03T12:31:43","slug":"svenska-finska-massan","status":"publish","type":"post","link":"http:\/\/finlandsbloggen.se\/?p=151","title":{"rendered":"Svenska (finska?) M\u00e4ssan"},"content":{"rendered":"<p>Sverigefinl\u00e4ndarnas dag inleddes med ceremoniel p\u00e5\u00a0Gustav Adolfs Torg och forts\u00e4tte sedan p\u00e5 Svenska M\u00e4ssan. Tog man sig dit via Kungsportsavenyn s\u00e5 var v\u00e4gen kantad av svenska och finska flaggor, vilka hade hissats p\u00e5 paradgatans flaggst\u00e4nger.<\/p>\n<div id=\"attachment_152\" style=\"width: 594px\" class=\"wp-caption alignleft\"><a href=\"http:\/\/media.finlandsbloggen.se\/2012\/02\/Vars\u00e5god-och-v\u00e4lj-flagga-ena-eller-b\u00e5da.jpg\"><img aria-describedby=\"caption-attachment-152\" decoding=\"async\" loading=\"lazy\" class=\"size-large wp-image-152  \" title=\"Vars\u00e5god och v\u00e4lj flagga - ena eller b\u00e5da!\" src=\"http:\/\/media.finlandsbloggen.se\/2012\/02\/Vars\u00e5god-och-v\u00e4lj-flagga-ena-eller-b\u00e5da-1024x768.jpg\" alt=\"\" width=\"584\" height=\"438\" \/><\/a><p id=\"caption-attachment-152\" class=\"wp-caption-text\">Vars\u00e5god och v\u00e4lj flagga - ena eller b\u00e5da! Bes\u00f6karna till Svenska M\u00e4ssan kunde manifestera sin identitet efter behag.<\/p><\/div>\n<p>Lennart Rodihn fr\u00e5n L\u00e4nsttyrelsen i Stockholms L\u00e4n talade om minoriteternas st\u00e4llning i Sverige.<\/p>\n<div id=\"attachment_153\" style=\"width: 594px\" class=\"wp-caption alignleft\"><a href=\"http:\/\/media.finlandsbloggen.se\/2012\/02\/Lennart-Rohdin-fr\u00e5n-L\u00e4nsstyrelsen-i-Stockholms-l\u00e4n-talade-om-hur-det-svenska-Sverige-f\u00f6ddes-1809.jpg\"><img aria-describedby=\"caption-attachment-153\" decoding=\"async\" loading=\"lazy\" class=\"size-large wp-image-153\" title=\"Lennart Rohdin fr\u00e5n L\u00e4nsstyrelsen i Stockholms l\u00e4n talade om hur det svenska Sverige f\u00f6ddes 1809\" src=\"http:\/\/media.finlandsbloggen.se\/2012\/02\/Lennart-Rohdin-fr\u00e5n-L\u00e4nsstyrelsen-i-Stockholms-l\u00e4n-talade-om-hur-det-svenska-Sverige-f\u00f6ddes-1809-1024x768.jpg\" alt=\"\" width=\"584\" height=\"438\" srcset=\"http:\/\/media.finlandsbloggen.se\/2012\/02\/Lennart-Rohdin-fr\u00e5n-L\u00e4nsstyrelsen-i-Stockholms-l\u00e4n-talade-om-hur-det-svenska-Sverige-f\u00f6ddes-1809-1024x768.jpg 1024w, http:\/\/media.finlandsbloggen.se\/2012\/02\/Lennart-Rohdin-fr\u00e5n-L\u00e4nsstyrelsen-i-Stockholms-l\u00e4n-talade-om-hur-det-svenska-Sverige-f\u00f6ddes-1809-300x225.jpg 300w, http:\/\/media.finlandsbloggen.se\/2012\/02\/Lennart-Rohdin-fr\u00e5n-L\u00e4nsstyrelsen-i-Stockholms-l\u00e4n-talade-om-hur-det-svenska-Sverige-f\u00f6ddes-1809-400x300.jpg 400w\" sizes=\"(max-width: 584px) 100vw, 584px\" \/><\/a><p id=\"caption-attachment-153\" class=\"wp-caption-text\">Inte bara det moderna Finland f\u00f6ddes 1809, utan \u00e4ven det &quot;svensktalande Sverige&quot;. Mycket t\u00e4nkv\u00e4rt.<\/p><\/div>\n<p>En intressant paneldebatt belyste den finsktalande minoritetens fr\u00e5gest\u00e4llningar.<\/p>\n<div id=\"attachment_154\" style=\"width: 419px\" class=\"wp-caption alignleft\"><a href=\"http:\/\/media.finlandsbloggen.se\/2012\/02\/Paneldebatt-om-den-finl\u00e4ndska-minoriteten.jpg\"><img aria-describedby=\"caption-attachment-154\" decoding=\"async\" loading=\"lazy\" class=\"size-large wp-image-154 \" title=\"Paneldebatt om den finl\u00e4ndska minoriteten\" src=\"http:\/\/media.finlandsbloggen.se\/2012\/02\/Paneldebatt-om-den-finl\u00e4ndska-minoriteten-1024x768.jpg\" alt=\"\" width=\"409\" height=\"307\" \/><\/a><p id=\"caption-attachment-154\" class=\"wp-caption-text\">Paneldebatt om den finl\u00e4ndska minoriteten<\/p><\/div>\n<p>&nbsp;<\/p>\n<p>&nbsp;<\/p>\n<p>&nbsp;<\/p>\n<p>&nbsp;<\/p>\n<p>&nbsp;<\/p>\n<p>&nbsp;<\/p>\n<p>&nbsp;<\/p>\n<p>&nbsp;<\/p>\n<p>&nbsp;<\/p>\n<p>Den finl\u00e4ndska violinisten Linda Lampenius stod f\u00f6r melodi\u00f6s underh\u00e5llning, till \u00e5h\u00f6rarnas f\u00f6rtjusning.<\/p>\n<div id=\"attachment_155\" style=\"width: 419px\" class=\"wp-caption alignleft\"><a href=\"http:\/\/media.finlandsbloggen.se\/2012\/02\/M\u00e5nga-hade-hittat-till-Kongresshallen-p\u00e5-Svenska-M\u00e4ssan.jpg\"><img aria-describedby=\"caption-attachment-155\" decoding=\"async\" loading=\"lazy\" class=\"size-large wp-image-155 \" src=\"http:\/\/media.finlandsbloggen.se\/2012\/02\/M\u00e5nga-hade-hittat-till-Kongresshallen-p\u00e5-Svenska-M\u00e4ssan-1024x768.jpg\" alt=\"\" width=\"409\" height=\"307\" srcset=\"http:\/\/media.finlandsbloggen.se\/2012\/02\/M\u00e5nga-hade-hittat-till-Kongresshallen-p\u00e5-Svenska-M\u00e4ssan-1024x768.jpg 1024w, http:\/\/media.finlandsbloggen.se\/2012\/02\/M\u00e5nga-hade-hittat-till-Kongresshallen-p\u00e5-Svenska-M\u00e4ssan-300x225.jpg 300w, http:\/\/media.finlandsbloggen.se\/2012\/02\/M\u00e5nga-hade-hittat-till-Kongresshallen-p\u00e5-Svenska-M\u00e4ssan-400x300.jpg 400w\" sizes=\"(max-width: 409px) 100vw, 409px\" \/><\/a><p id=\"caption-attachment-155\" class=\"wp-caption-text\">M\u00e5nga hade hittat till Kongresshallen p\u00e5 Svenska M\u00e4ssan, trots att arrangemangen b\u00f6rjade p\u00e5 arbetstid.<\/p><\/div>\n<p>&nbsp;<\/p>\n<p>&nbsp;<\/p>\n<p>&nbsp;<\/p>\n<p>&nbsp;<\/p>\n<p>&nbsp;<\/p>\n<p>&nbsp;<\/p>\n<p>&nbsp;<\/p>\n<p>&nbsp;<\/p>\n<p>&nbsp;<\/p>\n<p>G\u00f6teborgs Stad bj\u00f6d p\u00e5 kaffe, semlor och piroger. Mums!<\/p>\n<div id=\"attachment_156\" style=\"width: 360px\" class=\"wp-caption alignleft\"><a href=\"http:\/\/media.finlandsbloggen.se\/2012\/02\/Det-gick-\u00e5t-fler-piroger-\u00e4n-semlor....jpg\"><img aria-describedby=\"caption-attachment-156\" decoding=\"async\" loading=\"lazy\" class=\"size-large wp-image-156 \" title=\"Det gick \u00e5t fler piroger \u00e4n semlor...\" src=\"http:\/\/media.finlandsbloggen.se\/2012\/02\/Det-gick-\u00e5t-fler-piroger-\u00e4n-semlor...-768x1024.jpg\" alt=\"\" width=\"350\" height=\"467\" srcset=\"http:\/\/media.finlandsbloggen.se\/2012\/02\/Det-gick-\u00e5t-fler-piroger-\u00e4n-semlor...-768x1024.jpg 768w, http:\/\/media.finlandsbloggen.se\/2012\/02\/Det-gick-\u00e5t-fler-piroger-\u00e4n-semlor...-225x300.jpg 225w\" sizes=\"(max-width: 350px) 100vw, 350px\" \/><\/a><p id=\"caption-attachment-156\" class=\"wp-caption-text\">Det gick \u00e5t fler piroger \u00e4n semlor...<\/p><\/div>\n<p>&nbsp;<\/p>\n","protected":false},"excerpt":{"rendered":"<p>Sverigefinl\u00e4ndarnas dag inleddes med ceremoniel p\u00e5\u00a0Gustav Adolfs Torg och forts\u00e4tte sedan p\u00e5 Svenska M\u00e4ssan. Tog man sig dit via Kungsportsavenyn s\u00e5 var v\u00e4gen kantad av svenska och finska flaggor, vilka hade hissats p\u00e5 paradgatans flaggst\u00e4nger. Lennart Rodihn fr\u00e5n L\u00e4nsttyrelsen i &hellip; <a href=\"http:\/\/finlandsbloggen.se\/?p=151\">L\u00e4s mer <span class=\"meta-nav\">&rarr;<\/span><\/a><\/p>\n","protected":false},"author":1,"featured_media":0,"comment_status":"open","ping_status":"open","sticky":false,"template":"","format":"standard","meta":[],"categories":[1],"tags":[],"_links":{"self":[{"href":"http:\/\/finlandsbloggen.se\/index.php?rest_route=\/wp\/v2\/posts\/151"}],"collection":[{"href":"http:\/\/finlandsbloggen.se\/index.php?rest_route=\/wp\/v2\/posts"}],"about":[{"href":"http:\/\/finlandsbloggen.se\/index.php?rest_route=\/wp\/v2\/types\/post"}],"author":[{"embeddable":true,"href":"http:\/\/finlandsbloggen.se\/index.php?rest_route=\/wp\/v2\/users\/1"}],"replies":[{"embeddable":true,"href":"http:\/\/finlandsbloggen.se\/index.php?rest_route=%2Fwp%2Fv2%2Fcomments&post=151"}],"version-history":[{"count":7,"href":"http:\/\/finlandsbloggen.se\/index.php?rest_route=\/wp\/v2\/posts\/151\/revisions"}],"predecessor-version":[{"id":159,"href":"http:\/\/finlandsbloggen.se\/index.php?rest_route=\/wp\/v2\/posts\/151\/revisions\/159"}],"wp:attachment":[{"href":"http:\/\/finlandsbloggen.se\/index.php?rest_route=%2Fwp%2Fv2%2Fmedia&parent=151"}],"wp:term":[{"taxonomy":"category","embeddable":true,"href":"http:\/\/finlandsbloggen.se\/index.php?rest_route=%2Fwp%2Fv2%2Fcategories&post=151"},{"taxonomy":"post_tag","embeddable":true,"href":"http:\/\/finlandsbloggen.se\/index.php?rest_route=%2Fwp%2Fv2%2Ftags&post=151"}],"curies":[{"name":"wp","href":"https:\/\/api.w.org\/{rel}","templated":true}]}}